{"id":4533,"date":"2016-06-07T09:23:56","date_gmt":"2016-06-07T13:53:56","guid":{"rendered":"http:\/\/www.contraloriaestadoamazonas.gob.ve\/amz\/?p=4533"},"modified":"2016-07-01T08:06:31","modified_gmt":"2016-07-01T12:36:31","slug":"cea-impuso-bandas-a-contralores-escolares-de-e-b-tachira-y-u-e-b-libertador","status":"publish","type":"post","link":"https:\/\/contraloriaestadoamazonas.gob.ve\/amz\/2016\/06\/cea-impuso-bandas-a-contralores-escolares-de-e-b-tachira-y-u-e-b-libertador\/","title":{"rendered":"CEA IMPUSO BANDAS A CONTRALORES ESCOLARES DE E.B. T\u00c1CHIRA Y U.E.B.LIBERTADOR"},"content":{"rendered":"<p style=\"text-align: center;\"><strong>CEA IMPUSO BANDAS A CONTRALORES ESCOLARES DE E.B. T\u00c1CHIRA Y U.E.B.LIBERTADOR <\/strong><\/p>\n<p style=\"text-align: center;\"><strong>\u00a0<\/strong><\/p>\n<p style=\"text-align: justify;\">Dando continuidad al Programa <strong>\u201cLa Contralor\u00eda Va a la Escuela\u201d,<\/strong> la <strong>Oficina de Atenci\u00f3n al Ciudadano<\/strong> (OAC), realiz\u00f3 al cierre del mes de Mayo dos nuevas juramentaciones a los contralores escolares de la Unidad Educativa B\u00e1sica Libertador y la Escuela B\u00e1sica T\u00e1chira, cumpliendo as\u00ed con lo establecido en el Plan Operativo Anual Institucional.<\/p>\n<p style=\"text-align: justify;\">Con la participaci\u00f3n de 12 ni\u00f1os y destacando la presencia de la Directora de la <strong>U.E.B Libertador<\/strong>, Glenys Garc\u00eda se impuso la banda al Contralor Escolar, Juan Solano. En este sentido, se hizo lo propio en la <strong>E.B T\u00e1chira<\/strong>, donde las autoridades del plantel, Jos\u00e9 Leal\u00a0 (Director) y Andr\u00e9s\u00a0 Prieto (Docente enlace) manifestaron la satisfacci\u00f3n por la continuidad del Programa y, posteriormente se realiz\u00f3 la juramentaci\u00f3n al estudiante Lehander Abache y su equipo.<\/p>\n<p style=\"text-align: justify;\">El Contralor (P) del Estado Amazonas, Guillermo Forti y su equipo, representado en dichas actividades por el Lcdo Jhonny Barrios, Jefe la OAC y Cris\u00e1lida V\u00e9liz (Coordinadora OAC) expusieron la importancia de la participaci\u00f3n ciudadana, as\u00ed como instaron a continuar promoviendo desde las escuelas, una cultura de responsabilidad y compromiso de los estudiantes con el patrimonio p\u00fablico escolar.<\/p>\n<p style=\"text-align: center;\"><em>Contraloras y Contralores somos todos<\/em><\/p>\n<p style=\"text-align: center;\"><em>Es mejor prevenir y educar que sancionar a futuro<\/em><\/p>\n<p style=\"text-align: center;\"><em><a href=\"http:\/\/www.contraloriaestadoamazonas.gob.ve\/amz\/wp-content\/uploads\/2016\/06\/Collage_Fotor.jpg\"><img loading=\"lazy\" decoding=\"async\" class=\"alignnone wp-image-4534\" src=\"http:\/\/www.contraloriaestadoamazonas.gob.ve\/amz\/wp-content\/uploads\/2016\/06\/Collage_Fotor-300x300.jpg\" alt=\"Collage_Fotor\" width=\"307\" height=\"307\" srcset=\"https:\/\/contraloriaestadoamazonas.gob.ve\/amz\/wp-content\/uploads\/2016\/06\/Collage_Fotor-300x300.jpg 300w, https:\/\/contraloriaestadoamazonas.gob.ve\/amz\/wp-content\/uploads\/2016\/06\/Collage_Fotor-150x150.jpg 150w, https:\/\/contraloriaestadoamazonas.gob.ve\/amz\/wp-content\/uploads\/2016\/06\/Collage_Fotor-768x768.jpg 768w, https:\/\/contraloriaestadoamazonas.gob.ve\/amz\/wp-content\/uploads\/2016\/06\/Collage_Fotor-1024x1024.jpg 1024w\" sizes=\"auto, (max-width: 307px) 100vw, 307px\" \/><\/a><\/em><\/p>\n<p><span style=\"border-radius: 2px; text-indent: 20px; width: auto; padding: 0px 4px 0px 0px; text-align: center; font: bold 11px\/20px 'Helvetica Neue',Helvetica,sans-serif; color: #ffffff; background: #bd081c  no-repeat scroll 3px 50% \/ 14px 14px; position: absolute; opacity: 1; z-index: 8675309; display: none; cursor: pointer;\">Guardar<\/span><\/p>\n","protected":false},"excerpt":{"rendered":"<p>CEA IMPUSO BANDAS A CONTRALORES ESCOLARES DE E.B. T\u00c1CHIRA Y U.E.B.LIBERTADOR \u00a0 Dando continuidad al Programa \u201cLa Contralor\u00eda Va a la Escuela\u201d, la Oficina de Atenci\u00f3n al Ciudadano (OAC), realiz\u00f3 al cierre del mes de Mayo dos nuevas juramentaciones a &hellip; <a class=\"more-link\" href=\"https:\/\/contraloriaestadoamazonas.gob.ve\/amz\/2016\/06\/cea-impuso-bandas-a-contralores-escolares-de-e-b-tachira-y-u-e-b-libertador\/\">Sigue leyendo <span class=\"meta-nav\">&rarr;<\/span><\/a><\/p>\n","protected":false},"author":11,"featured_media":0,"comment_status":"closed","ping_status":"closed","sticky":false,"template":"","format":"gallery","meta":{"footnotes":""},"categories":[55],"tags":[],"class_list":["post-4533","post","type-post","status-publish","format-gallery","hentry","category-noticias-cea","post_format-post-format-gallery"],"_links":{"self":[{"href":"https:\/\/contraloriaestadoamazonas.gob.ve\/amz\/wp-json\/wp\/v2\/posts\/4533","targetHints":{"allow":["GET"]}}],"collection":[{"href":"https:\/\/contraloriaestadoamazonas.gob.ve\/amz\/wp-json\/wp\/v2\/posts"}],"about":[{"href":"https:\/\/contraloriaestadoamazonas.gob.ve\/amz\/wp-json\/wp\/v2\/types\/post"}],"author":[{"embeddable":true,"href":"https:\/\/contraloriaestadoamazonas.gob.ve\/amz\/wp-json\/wp\/v2\/users\/11"}],"replies":[{"embeddable":true,"href":"https:\/\/contraloriaestadoamazonas.gob.ve\/amz\/wp-json\/wp\/v2\/comments?post=4533"}],"version-history":[{"count":2,"href":"https:\/\/contraloriaestadoamazonas.gob.ve\/amz\/wp-json\/wp\/v2\/posts\/4533\/revisions"}],"predecessor-version":[{"id":4616,"href":"https:\/\/contraloriaestadoamazonas.gob.ve\/amz\/wp-json\/wp\/v2\/posts\/4533\/revisions\/4616"}],"wp:attachment":[{"href":"https:\/\/contraloriaestadoamazonas.gob.ve\/amz\/wp-json\/wp\/v2\/media?parent=4533"}],"wp:term":[{"taxonomy":"category","embeddable":true,"href":"https:\/\/contraloriaestadoamazonas.gob.ve\/amz\/wp-json\/wp\/v2\/categories?post=4533"},{"taxonomy":"post_tag","embeddable":true,"href":"https:\/\/contraloriaestadoamazonas.gob.ve\/amz\/wp-json\/wp\/v2\/tags?post=4533"}],"curies":[{"name":"wp","href":"https:\/\/api.w.org\/{rel}","templated":true}]}}