{"id":4554,"date":"2016-06-15T12:13:00","date_gmt":"2016-06-15T16:43:00","guid":{"rendered":"http:\/\/www.contraloriaestadoamazonas.gob.ve\/amz\/?p=4554"},"modified":"2016-07-01T08:03:54","modified_gmt":"2016-07-01T12:33:54","slug":"oac-organizo-ii-encuentro-de-contralores-escolares-de-la-region","status":"publish","type":"post","link":"https:\/\/contraloriaestadoamazonas.gob.ve\/amz\/2016\/06\/oac-organizo-ii-encuentro-de-contralores-escolares-de-la-region\/","title":{"rendered":"OAC ORGANIZ\u00d3 II ENCUENTRO DE CONTRALORES ESCOLARES DE LA REGI\u00d3N"},"content":{"rendered":"<p style=\"text-align: center;\"><strong>OAC ORGANIZ\u00d3 II ENCUENTRO DE CONTRALORES ESCOLARES DE LA REGI\u00d3N <\/strong><\/p>\n<p style=\"text-align: justify;\">El Contralor (P) del estado, Guillermo Forti encabez\u00f3 este martes el segundo encuentro de Contralores Escolares de la regi\u00f3n organizado por la <strong>Oficina de Atenci\u00f3n al Ciudadano <\/strong>(OAC). En cumplimiento del programa \u201cLa Contralor\u00eda Va a la Escuela\u201d impulsado por la Contralor\u00eda General de la Republica, ni\u00f1os y ni\u00f1as pertenecientes a los centros educativos <strong>E.B. Libertador<\/strong>, <strong>U.E. F\u00e9lix Solano<\/strong>, <strong>U.E. Los Raudales de Atures<\/strong>. <strong>E.B.B. Libertador<\/strong>, <strong>E.B. T\u00e1chira<\/strong>, <strong>E.B. R\u00f3mulo Betancourt<\/strong>, <strong>U.E. Las Manacas<\/strong>, <strong>E.B. Francisco de Miranda<\/strong>, <strong>U.E. Amazonas y U.E Cuwaisairi<\/strong>, participaron en dicha actividad. La misma tuvo como objetivo la rendici\u00f3n de cuenta por parte de las contraloras y contralores escolares de cada plantel.<\/p>\n<p style=\"text-align: justify;\">Por segundo a\u00f1o consecutivo los estudiantes junto a sus docentes enlaces, directivos y\/o responsables comparecieron ante la sede de la Contralor\u00eda del estado Amazonas, donde expusieron en primer lugar los aspectos positivos de sus instituciones entre los que se\u00f1alaron, charlas educativas, desarrollo end\u00f3geno, actividades culturales y deportivas as\u00ed como tambi\u00e9n <strong>\u201cla siembra de \u00e1rboles\u201d<\/strong>, otro de los programas impulsados por la OAC.<\/p>\n<p style=\"text-align: justify;\">Por otra parte, los ni\u00f1os expresaron su preocupaci\u00f3n por el mal estado de la infraestructura de algunas de sus escuelas, la falta de materiales did\u00e1cticos, papeler\u00eda y equipos deportivos. De igual forma exigieron mayor seguridad, recursos audiovisuales, espacios para la recreaci\u00f3n, iluminaci\u00f3n y mobiliario en general.<\/p>\n<p style=\"text-align: justify;\">En este sentido, la m\u00e1xima autoridad de control fiscal en la entidad, Abog. Guillermo Forti acompa\u00f1ado por el Jefe de la OAC, Jhonny Barrios y el auditor interno de la CEA, Oswaldo Ch\u00e1vez, expres\u00f3 su satisfacci\u00f3n por el trabajo que han desarrollado los estudiantes; respald\u00f3 adem\u00e1s el compromiso de cada uno de ellos con su instituci\u00f3n, al tiempo que inst\u00f3 a ser vigilantes y garantes del patrimonio p\u00fablico escolar. En tal sentido, hizo especial \u00e9nfasis en la importancia del encuentro, indicando que \u201ces una rendici\u00f3n de cuentas con igual o mayor importancia que cualquier otra de car\u00e1cter fiscal (\u2026) estamos hablando de la generaci\u00f3n de relevo\u201d, puntualiz\u00f3.<\/p>\n<p style=\"text-align: justify;\">Para finalizar, el Contralor Guillermo Forti entreg\u00f3 certificados a los representantes de las escuelas que asistieron al evento y sostuvo que cada denuncia que sea recibida ser\u00e1 refrendada en un informe para realizar el monitoreo correspondiente.<\/p>\n<p style=\"text-align: center;\"><a href=\"http:\/\/www.contraloriaestadoamazonas.gob.ve\/amz\/wp-content\/uploads\/2016\/06\/web-2.jpg\"><img loading=\"lazy\" decoding=\"async\" class=\"alignnone wp-image-4556\" src=\"http:\/\/www.contraloriaestadoamazonas.gob.ve\/amz\/wp-content\/uploads\/2016\/06\/web-2-300x300.jpg\" alt=\"web 2\" width=\"325\" height=\"325\" srcset=\"https:\/\/contraloriaestadoamazonas.gob.ve\/amz\/wp-content\/uploads\/2016\/06\/web-2-300x300.jpg 300w, https:\/\/contraloriaestadoamazonas.gob.ve\/amz\/wp-content\/uploads\/2016\/06\/web-2-150x150.jpg 150w, https:\/\/contraloriaestadoamazonas.gob.ve\/amz\/wp-content\/uploads\/2016\/06\/web-2-768x768.jpg 768w, https:\/\/contraloriaestadoamazonas.gob.ve\/amz\/wp-content\/uploads\/2016\/06\/web-2-1024x1024.jpg 1024w\" sizes=\"auto, (max-width: 325px) 100vw, 325px\" \/><\/a><\/p>\n<p><strong>Hablan los protagonistas <\/strong><\/p>\n<p>Jer\u00f3nimo Abreu, Contralor Escolar de la <strong>E.B. Cacique Aramare<\/strong> manifest\u00f3 su satisfacci\u00f3n por formar parte del programa <strong>\u201cLa Contralor\u00eda va a la Escuela<\/strong>\u201d de la OAC:<\/p>\n<p>\u201cSer contralor me ha permitido ayudar a mis compa\u00f1eros. Tengo la responsabilidad de cuidar los bienes de mi instituci\u00f3n y eso me hace feliz\u201d.<\/p>\n<p style=\"text-align: justify;\"><a href=\"http:\/\/www.contraloriaestadoamazonas.gob.ve\/amz\/wp-content\/uploads\/2016\/06\/DSC08576.jpg\"><img loading=\"lazy\" decoding=\"async\" class=\"size-medium wp-image-4557\" src=\"http:\/\/www.contraloriaestadoamazonas.gob.ve\/amz\/wp-content\/uploads\/2016\/06\/DSC08576-300x201.jpg\" alt=\"SONY DSC\" width=\"300\" height=\"201\" srcset=\"https:\/\/contraloriaestadoamazonas.gob.ve\/amz\/wp-content\/uploads\/2016\/06\/DSC08576-300x201.jpg 300w, https:\/\/contraloriaestadoamazonas.gob.ve\/amz\/wp-content\/uploads\/2016\/06\/DSC08576-768x514.jpg 768w, https:\/\/contraloriaestadoamazonas.gob.ve\/amz\/wp-content\/uploads\/2016\/06\/DSC08576-1024x685.jpg 1024w\" sizes=\"auto, (max-width: 300px) 100vw, 300px\" \/><\/a><\/p>\n<p style=\"text-align: justify;\">Manuel Angulo, Contralor Escolar de la <strong>U.E. Los raudales de Atures<\/strong> destac\u00f3 la importancia del compromiso que tienen docentes y estudiantes con el cuidado del patrimonio escolar:<\/p>\n<p style=\"text-align: justify;\">\u201cLa tarea es de todos. Tenemos el compromiso de cuidar nuestros espacios. Ahora seguir\u00e9 trabajando por mis compa\u00f1eros\u201d.<\/p>\n<p><a href=\"http:\/\/www.contraloriaestadoamazonas.gob.ve\/amz\/wp-content\/uploads\/2016\/06\/DSC08629.jpg\"><img loading=\"lazy\" decoding=\"async\" class=\"size-medium wp-image-4558\" src=\"http:\/\/www.contraloriaestadoamazonas.gob.ve\/amz\/wp-content\/uploads\/2016\/06\/DSC08629-300x201.jpg\" alt=\"SONY DSC\" width=\"300\" height=\"201\" srcset=\"https:\/\/contraloriaestadoamazonas.gob.ve\/amz\/wp-content\/uploads\/2016\/06\/DSC08629-300x201.jpg 300w, https:\/\/contraloriaestadoamazonas.gob.ve\/amz\/wp-content\/uploads\/2016\/06\/DSC08629-768x514.jpg 768w, https:\/\/contraloriaestadoamazonas.gob.ve\/amz\/wp-content\/uploads\/2016\/06\/DSC08629-1024x685.jpg 1024w\" sizes=\"auto, (max-width: 300px) 100vw, 300px\" \/><\/a><\/p>\n<p style=\"text-align: center;\"><em>Contraloras y Contralores somos todos<\/em><\/p>\n<p style=\"text-align: center;\"><em>Es mejor prevenir y educar que sancionar a futuro<\/em><\/p>\n<p><span style=\"border-radius: 2px; text-indent: 20px; width: auto; padding: 0px 4px 0px 0px; text-align: center; font: bold 11px\/20px 'Helvetica Neue',Helvetica,sans-serif; color: #ffffff; background: #bd081c  no-repeat scroll 3px 50% \/ 14px 14px; position: absolute; opacity: 1; z-index: 8675309; display: none; cursor: pointer;\">Guardar<\/span><\/p>\n","protected":false},"excerpt":{"rendered":"<p>OAC ORGANIZ\u00d3 II ENCUENTRO DE CONTRALORES ESCOLARES DE LA REGI\u00d3N El Contralor (P) del estado, Guillermo Forti encabez\u00f3 este martes el segundo encuentro de Contralores Escolares de la regi\u00f3n organizado por la Oficina de Atenci\u00f3n al Ciudadano (OAC). En cumplimiento &hellip; <a class=\"more-link\" href=\"https:\/\/contraloriaestadoamazonas.gob.ve\/amz\/2016\/06\/oac-organizo-ii-encuentro-de-contralores-escolares-de-la-region\/\">Sigue leyendo <span class=\"meta-nav\">&rarr;<\/span><\/a><\/p>\n","protected":false},"author":11,"featured_media":0,"comment_status":"closed","ping_status":"closed","sticky":false,"template":"","format":"gallery","meta":{"footnotes":""},"categories":[55],"tags":[],"class_list":["post-4554","post","type-post","status-publish","format-gallery","hentry","category-noticias-cea","post_format-post-format-gallery"],"_links":{"self":[{"href":"https:\/\/contraloriaestadoamazonas.gob.ve\/amz\/wp-json\/wp\/v2\/posts\/4554","targetHints":{"allow":["GET"]}}],"collection":[{"href":"https:\/\/contraloriaestadoamazonas.gob.ve\/amz\/wp-json\/wp\/v2\/posts"}],"about":[{"href":"https:\/\/contraloriaestadoamazonas.gob.ve\/amz\/wp-json\/wp\/v2\/types\/post"}],"author":[{"embeddable":true,"href":"https:\/\/contraloriaestadoamazonas.gob.ve\/amz\/wp-json\/wp\/v2\/users\/11"}],"replies":[{"embeddable":true,"href":"https:\/\/contraloriaestadoamazonas.gob.ve\/amz\/wp-json\/wp\/v2\/comments?post=4554"}],"version-history":[{"count":2,"href":"https:\/\/contraloriaestadoamazonas.gob.ve\/amz\/wp-json\/wp\/v2\/posts\/4554\/revisions"}],"predecessor-version":[{"id":4614,"href":"https:\/\/contraloriaestadoamazonas.gob.ve\/amz\/wp-json\/wp\/v2\/posts\/4554\/revisions\/4614"}],"wp:attachment":[{"href":"https:\/\/contraloriaestadoamazonas.gob.ve\/amz\/wp-json\/wp\/v2\/media?parent=4554"}],"wp:term":[{"taxonomy":"category","embeddable":true,"href":"https:\/\/contraloriaestadoamazonas.gob.ve\/amz\/wp-json\/wp\/v2\/categories?post=4554"},{"taxonomy":"post_tag","embeddable":true,"href":"https:\/\/contraloriaestadoamazonas.gob.ve\/amz\/wp-json\/wp\/v2\/tags?post=4554"}],"curies":[{"name":"wp","href":"https:\/\/api.w.org\/{rel}","templated":true}]}}