{"id":4566,"date":"2016-06-17T12:25:02","date_gmt":"2016-06-17T16:55:02","guid":{"rendered":"http:\/\/www.contraloriaestadoamazonas.gob.ve\/amz\/?p=4566"},"modified":"2016-06-17T12:25:02","modified_gmt":"2016-06-17T16:55:02","slug":"contralor-general-realizo-la-primera-entrega-del-reconocimiento-constitucion-y-leyes","status":"publish","type":"post","link":"https:\/\/contraloriaestadoamazonas.gob.ve\/amz\/2016\/06\/contralor-general-realizo-la-primera-entrega-del-reconocimiento-constitucion-y-leyes\/","title":{"rendered":"Contralor General realiz\u00f3 la primera entrega del reconocimiento \u201cConstituci\u00f3n y Leyes\u201d"},"content":{"rendered":"<p style=\"text-align: justify;\">\u00a0\u00a0\u00a0\u00a0\u00a0\u00a0\u00a0\u00a0\u00a0\u00a0\u00a0<span style=\"color: #000000;\"> En la Academia Militar de la Guardia Nacional Bolivariana<\/span><\/p>\n<p style=\"text-align: justify;\"><strong><span style=\"color: #000000;\">Contralor General realiz\u00f3 la primera entrega del reconocimiento \u201cConstituci\u00f3n y Leyes\u201d<\/span><\/strong><\/p>\n<ul style=\"text-align: justify;\">\n<li><span style=\"color: #000000;\">El m\u00e1ximo titular de este \u00f3rgano de control hizo entrega del primer reconocimiento \u201cConstituci\u00f3n y Leyes\u201d conferido a la alf\u00e9rez Maira Alejandra Jaimes P. promoci\u00f3n \u201cAlejandro Peti\u00f3n\u201d &#8211; Bicentenario de la Expedici\u00f3n de los Cayos<\/span><\/li>\n<\/ul>\n<p style=\"text-align: justify;\"><span style=\"color: #000000;\">El contralor general de la Rep\u00fablica Bolivariana de Venezuela, Dr. Manuel Galindo Ballesteros, le otorg\u00f3 el reconocimiento \u201cConstituci\u00f3n y Leyes\u201d a la alf\u00e9rez que obtuvo el m\u00e1s alto rendimiento en las unidades\u00a0 curriculares referentes al estudio de la Constituci\u00f3n\u00a0 de\u00a0 la\u00a0 Rep\u00fablica\u00a0 Bolivariana\u00a0 de\u00a0 Venezuela\u00a0 y\u00a0\u00a0 las\u00a0 leyes\u00a0 que\u00a0 regulan\u00a0 el\u00a0 ordenamiento\u00a0 jur\u00eddico\u00a0\u00a0 venezolano y el Estado democr\u00e1tico y social de\u00a0 Derecho y de Justicia, a trav\u00e9s de las academias\u00a0 de\u00a0 formaci\u00f3n\u00a0 de\u00a0 oficiales\u00a0 de\u00a0 la\u00a0 Fuerza\u00a0 Armada\u00a0\u00a0 Nacional Bolivariana, apegadas a la doctrina del\u00a0 Libertador Sim\u00f3n Bol\u00edvar.\u00a0 En este sentido, Galindo Ballesteros exhort\u00f3 a todos los graduandos, hombres y mujeres de buena voluntad, a que contin\u00faen luchando por el bienestar de la paz y de la patria, y que act\u00faen siempre apegado a la \u00e9tica, la moral y los buenos sentimientos. \u201cBendiciones y mucho \u00e9xito a todas y todos los alf\u00e9rez. La Contralor\u00eda General de la Rep\u00fablica Bolivariana de Venezuela y todo su equipo se llenan de orgullo con la creaci\u00f3n del reconocimiento \u201cConstituci\u00f3n y Leyes\u201d, que se otorg\u00f3 y se continuar\u00e1 otorgando a\u00f1o tras a\u00f1o a aquel alf\u00e9rez\u00a0 sobresaliente en materia de \u00edndole constitucional y legal, como incentivo al esfuerzo que realiza para llegar a este tan importante eslab\u00f3n de su carrera militar\u201d.<\/span><!--more--><!--more--><\/p>\n<p style=\"text-align: justify;\"><span style=\"color: #000000;\">Por otra parte, el rector de la Universidad Militar Bolivariana de Venezuela, G\/D Jos\u00e9 Eli\u00e9cer Pinto Guti\u00e9rrez, se\u00f1al\u00f3 que esta promoci\u00f3n ha sido la m\u00e1s grande de la academia, con 204 alf\u00e9reces graduados, logro obtenido gracias al Comandante Eterno Hugo Ch\u00e1vez, ya que puede venir a la Universidad\u00a0 Militar Bolivariana cualquier persona del pueblo y ser\u00e1 bien recibida. \u201cUstedes, pr\u00f3ximamente van a tener que garantizar la paz, la Constituci\u00f3n y la democracia, donde el pueblo es el protagonista; no la democracia representativa, sino la protag\u00f3nica y participativa, por lo cual deben prepararse mucho para no ser enga\u00f1ados y mantener ese mismo esp\u00edritu libertario\u201d.<\/span><\/p>\n","protected":false},"excerpt":{"rendered":"<p>\u00a0\u00a0\u00a0\u00a0\u00a0\u00a0\u00a0\u00a0\u00a0\u00a0\u00a0 En la Academia Militar de la Guardia Nacional Bolivariana Contralor General realiz\u00f3 la primera entrega del reconocimiento \u201cConstituci\u00f3n y Leyes\u201d El m\u00e1ximo titular de este \u00f3rgano de control hizo entrega del primer reconocimiento \u201cConstituci\u00f3n y Leyes\u201d conferido a la &hellip; <a class=\"more-link\" href=\"https:\/\/contraloriaestadoamazonas.gob.ve\/amz\/2016\/06\/contralor-general-realizo-la-primera-entrega-del-reconocimiento-constitucion-y-leyes\/\">Sigue leyendo <span class=\"meta-nav\">&rarr;<\/span><\/a><\/p>\n","protected":false},"author":10,"featured_media":0,"comment_status":"closed","ping_status":"closed","sticky":false,"template":"","format":"standard","meta":{"footnotes":""},"categories":[54],"tags":[],"class_list":["post-4566","post","type-post","status-publish","format-standard","hentry","category-noticias-cgr"],"_links":{"self":[{"href":"https:\/\/contraloriaestadoamazonas.gob.ve\/amz\/wp-json\/wp\/v2\/posts\/4566","targetHints":{"allow":["GET"]}}],"collection":[{"href":"https:\/\/contraloriaestadoamazonas.gob.ve\/amz\/wp-json\/wp\/v2\/posts"}],"about":[{"href":"https:\/\/contraloriaestadoamazonas.gob.ve\/amz\/wp-json\/wp\/v2\/types\/post"}],"author":[{"embeddable":true,"href":"https:\/\/contraloriaestadoamazonas.gob.ve\/amz\/wp-json\/wp\/v2\/users\/10"}],"replies":[{"embeddable":true,"href":"https:\/\/contraloriaestadoamazonas.gob.ve\/amz\/wp-json\/wp\/v2\/comments?post=4566"}],"version-history":[{"count":1,"href":"https:\/\/contraloriaestadoamazonas.gob.ve\/amz\/wp-json\/wp\/v2\/posts\/4566\/revisions"}],"predecessor-version":[{"id":4567,"href":"https:\/\/contraloriaestadoamazonas.gob.ve\/amz\/wp-json\/wp\/v2\/posts\/4566\/revisions\/4567"}],"wp:attachment":[{"href":"https:\/\/contraloriaestadoamazonas.gob.ve\/amz\/wp-json\/wp\/v2\/media?parent=4566"}],"wp:term":[{"taxonomy":"category","embeddable":true,"href":"https:\/\/contraloriaestadoamazonas.gob.ve\/amz\/wp-json\/wp\/v2\/categories?post=4566"},{"taxonomy":"post_tag","embeddable":true,"href":"https:\/\/contraloriaestadoamazonas.gob.ve\/amz\/wp-json\/wp\/v2\/tags?post=4566"}],"curies":[{"name":"wp","href":"https:\/\/api.w.org\/{rel}","templated":true}]}}