{"id":4696,"date":"2016-09-16T07:18:28","date_gmt":"2016-09-16T11:48:28","guid":{"rendered":"http:\/\/www.contraloriaestadoamazonas.gob.ve\/amz\/?p=4696"},"modified":"2016-09-16T07:20:12","modified_gmt":"2016-09-16T11:50:12","slug":"ocando-el-foro-efsur-refuerza-nuevos-lineamientos-en-procesos-de-integracion","status":"publish","type":"post","link":"https:\/\/contraloriaestadoamazonas.gob.ve\/amz\/2016\/09\/ocando-el-foro-efsur-refuerza-nuevos-lineamientos-en-procesos-de-integracion\/","title":{"rendered":"Ocando: \u201cEl foro EFSUR refuerza nuevos lineamientos en procesos de integraci\u00f3n\u201d"},"content":{"rendered":"<p style=\"text-align: justify;\"><span style=\"color: #000000;\">En el \u201cAuditorio de los Contralores\u201d<\/span><\/p>\n<p style=\"text-align: justify;\"><strong><span style=\"color: #000000;\">Ocando: \u201cEl foro EFSUR refuerza nuevos lineamientos en procesos de integraci\u00f3n\u201d<\/span><\/strong><\/p>\n<p style=\"text-align: justify;\"><span style=\"color: #000000;\">La Direcci\u00f3n General T\u00e9cnica de la Contralor\u00eda General de la Rep\u00fablica y el Instituto de Altos Estudios de Control Fiscal y Auditor\u00eda de Estado Fundaci\u00f3n \u201cGumersindo Torres\u201d (COFAE) realizaron el foro <em>Entidades Fiscalizadoras Superiores de los Pa\u00edses del Mercosur y Asociados (EFSUR)<\/em>, a fin de profundizar los conocimientos fundamentales a las servidoras y servidores p\u00fablicos de este M\u00e1ximo \u00d3rgano de Control Fiscal.<\/span><\/p>\n<p style=\"text-align: justify;\"><span style=\"color: #000000;\">La directora general de Control de la Administraci\u00f3n Nacional Descentralizada y ponente de la actividad, Aura Ocando, se\u00f1al\u00f3 que el foro obedece al mandato por parte de las Entidades Fiscalizadoras Superiores de los Pa\u00edses del Mercosur y Asociados de promulgar y difundir los procesos de integraci\u00f3n regional y espec\u00edficamente sobre la EFSUR. \u201cLa actividad abarc\u00f3 a funcionarias y funcionarios de cada Direcci\u00f3n de la CGR para reforzar los conocimientos en los procesos de integraci\u00f3n en los cuales participa su entidad fiscalizadora\u201d, manifest\u00f3.<\/span><!--more--><!--more--><\/p>\n<p style=\"text-align: justify;\"><span style=\"color: #000000;\">Por otra parte, Manuel L\u00f3pez,de la Direcci\u00f3n de Relaciones Internacionales y Publicaciones T\u00e9cnicas, afirm\u00f3 que esta actividad fortalece la capacitaci\u00f3n de los auditores de la CGR, y resalt\u00f3: \u201cDe las auditor\u00edas de control surgen trabajos y compromisos elaborados en materia de auditor\u00edas coordinadas. Es importante que sepan que cada uno de los funcionarios hace un aporte dentro de los compromisos que la Entidad Fiscalizadora venezolana asumi\u00f3 en el \u00e1mbito internacional, y lo lleva acabo de manera excelente, eficaz y exitosa\u201d, se\u00f1al\u00f3.<\/span><\/p>\n<p style=\"text-align: justify;\"><span style=\"color: #000000;\">Para finalizar, Amaury Henriques, de la Direcci\u00f3n de Control del Sector Industria, Producci\u00f3n y Comercio, agradeci\u00f3 la iniciativa por parte de las autoridades de la Contralor\u00eda General de la Rep\u00fablica en cuanto a la formaci\u00f3n para estar en consonancia con los nuevos lineamientos de control de las entidades fiscalizadoras superiores.<\/span><a href=\"http:\/\/www.contraloriaestadoamazonas.gob.ve\/amz\/wp-content\/uploads\/2016\/09\/foto-3-boletin.jpg\"><img loading=\"lazy\" decoding=\"async\" class=\"aligncenter size-medium wp-image-4697\" src=\"http:\/\/www.contraloriaestadoamazonas.gob.ve\/amz\/wp-content\/uploads\/2016\/09\/foto-3-boletin-300x171.jpg\" alt=\"foto-3-boletin\" width=\"300\" height=\"171\" srcset=\"https:\/\/contraloriaestadoamazonas.gob.ve\/amz\/wp-content\/uploads\/2016\/09\/foto-3-boletin-300x171.jpg 300w, https:\/\/contraloriaestadoamazonas.gob.ve\/amz\/wp-content\/uploads\/2016\/09\/foto-3-boletin-768x437.jpg 768w, https:\/\/contraloriaestadoamazonas.gob.ve\/amz\/wp-content\/uploads\/2016\/09\/foto-3-boletin-1024x583.jpg 1024w, https:\/\/contraloriaestadoamazonas.gob.ve\/amz\/wp-content\/uploads\/2016\/09\/foto-3-boletin.jpg 1201w\" sizes=\"auto, (max-width: 300px) 100vw, 300px\" \/><\/a><\/p>\n","protected":false},"excerpt":{"rendered":"<p>En el \u201cAuditorio de los Contralores\u201d Ocando: \u201cEl foro EFSUR refuerza nuevos lineamientos en procesos de integraci\u00f3n\u201d La Direcci\u00f3n General T\u00e9cnica de la Contralor\u00eda General de la Rep\u00fablica y el Instituto de Altos Estudios de Control Fiscal y Auditor\u00eda de &hellip; <a class=\"more-link\" href=\"https:\/\/contraloriaestadoamazonas.gob.ve\/amz\/2016\/09\/ocando-el-foro-efsur-refuerza-nuevos-lineamientos-en-procesos-de-integracion\/\">Sigue leyendo <span class=\"meta-nav\">&rarr;<\/span><\/a><\/p>\n","protected":false},"author":10,"featured_media":0,"comment_status":"closed","ping_status":"closed","sticky":false,"template":"","format":"standard","meta":{"footnotes":""},"categories":[54],"tags":[],"class_list":["post-4696","post","type-post","status-publish","format-standard","hentry","category-noticias-cgr"],"_links":{"self":[{"href":"https:\/\/contraloriaestadoamazonas.gob.ve\/amz\/wp-json\/wp\/v2\/posts\/4696","targetHints":{"allow":["GET"]}}],"collection":[{"href":"https:\/\/contraloriaestadoamazonas.gob.ve\/amz\/wp-json\/wp\/v2\/posts"}],"about":[{"href":"https:\/\/contraloriaestadoamazonas.gob.ve\/amz\/wp-json\/wp\/v2\/types\/post"}],"author":[{"embeddable":true,"href":"https:\/\/contraloriaestadoamazonas.gob.ve\/amz\/wp-json\/wp\/v2\/users\/10"}],"replies":[{"embeddable":true,"href":"https:\/\/contraloriaestadoamazonas.gob.ve\/amz\/wp-json\/wp\/v2\/comments?post=4696"}],"version-history":[{"count":3,"href":"https:\/\/contraloriaestadoamazonas.gob.ve\/amz\/wp-json\/wp\/v2\/posts\/4696\/revisions"}],"predecessor-version":[{"id":4700,"href":"https:\/\/contraloriaestadoamazonas.gob.ve\/amz\/wp-json\/wp\/v2\/posts\/4696\/revisions\/4700"}],"wp:attachment":[{"href":"https:\/\/contraloriaestadoamazonas.gob.ve\/amz\/wp-json\/wp\/v2\/media?parent=4696"}],"wp:term":[{"taxonomy":"category","embeddable":true,"href":"https:\/\/contraloriaestadoamazonas.gob.ve\/amz\/wp-json\/wp\/v2\/categories?post=4696"},{"taxonomy":"post_tag","embeddable":true,"href":"https:\/\/contraloriaestadoamazonas.gob.ve\/amz\/wp-json\/wp\/v2\/tags?post=4696"}],"curies":[{"name":"wp","href":"https:\/\/api.w.org\/{rel}","templated":true}]}}