{"id":4706,"date":"2016-09-20T10:00:02","date_gmt":"2016-09-20T14:30:02","guid":{"rendered":"http:\/\/www.contraloriaestadoamazonas.gob.ve\/amz\/?p=4706"},"modified":"2016-09-20T10:17:53","modified_gmt":"2016-09-20T14:47:53","slug":"el-contralor-general-juramento-a-directores-generales-y-sectoriales-de-la-cgr-2","status":"publish","type":"post","link":"https:\/\/contraloriaestadoamazonas.gob.ve\/amz\/2016\/09\/el-contralor-general-juramento-a-directores-generales-y-sectoriales-de-la-cgr-2\/","title":{"rendered":"El contralor general Jurament\u00f3 a directores generales y sectoriales de la CGR"},"content":{"rendered":"<p style=\"text-align: justify;\"><span style=\"color: #000000;\">En el \u201cAuditorio de los Contralores\u201d<\/span><\/p>\n<p style=\"text-align: justify;\"><strong><span style=\"color: #000000;\">El contralor general Jurament\u00f3 a directores generales y sectoriales de la CGR<\/span><\/strong><\/p>\n<ul style=\"text-align: justify;\">\n<li><span style=\"color: #000000;\">El titular del M\u00e1ximo \u00d3rgano de Control, Dr. Manuel E. Galindo B., asegur\u00f3 que continuar\u00e1 trabajando en equipo con lealtad y con sentido de pertenencia para mejorar cada d\u00eda m\u00e1s la prevenci\u00f3n y la lucha contra la corrupci\u00f3n<\/span><\/li>\n<\/ul>\n<p style=\"text-align: justify;\"><span style=\"color: #000000;\">El contralor general de la Rep\u00fablica, Dr. Manuel Galindo Ballesteros, en compa\u00f1\u00eda del Subcontralor, Gustavo Adolfo Vizcaino Gil, jurament\u00f3 a directores generales y sectoriales de este M\u00e1ximo \u00d3rgano de Control Fiscal, en el \u201cAuditorio de los Contralores\u201d, ubicado en el edificio sede de la CGR.<\/span><\/p>\n<p style=\"text-align: justify;\"><span style=\"color: #000000;\">El titular del M\u00e1ximo \u00d3rgano de Control Fiscal, con motivo de la juramentaci\u00f3n asegur\u00f3 que continuar\u00e1 trabajando en equipo con lealtad y con sentido de pertenencia, persiguiendo un solo y \u00fanico objetivo, como es mejorar cada d\u00eda m\u00e1s la prevenci\u00f3n y la lucha contra la corrupci\u00f3n, a lo largo y ancho del territorio nacional, conjuntamente con las directoras y directores generales y sectoriales, contraloras y contralores de estados y municipios. \u201cNo espero m\u00e1s que un buen trabajo en equipo con mucha lealtad y humildad y m\u00e1s a\u00fan frente a estas adversidades que por motivos mezquinos y ajenos, desde el punto de vista pol\u00edtico se encuentra atravesando nuestra Patria. Estoy convencido de que saldremos adelante en equipo y felicitaciones a todas y todos, mucho \u00e9xito en esta gesti\u00f3n\u201d, destac\u00f3 Galindo Ballesteros.<\/span><!--more--><!--more--><\/p>\n<p style=\"text-align: justify;\"><span style=\"color: #000000;\">Por su parte, el Subcontralor felicit\u00f3 a las directoras y directores por su juramentaci\u00f3n y se\u00f1al\u00f3 que todas y todos deben trabajar con lealtad y compromiso con la patria\u201d.<\/span><\/p>\n<p style=\"text-align: justify;\"><span style=\"color: #000000;\">Para finalizar, Lisset Guill\u00e9n, presidenta del Instituto de Altos Estudios de Control Fiscal y Auditor\u00eda de Estado, Fundaci\u00f3n \u201cGumersindo Torres\u201d, COFAE, hizo un llamado a seguir adelante con responsabilidad hacia el equipo de trabajo y compromiso con la Patria. \u201cEs importante que llevemos esta responsabilidad a trav\u00e9s de una gesti\u00f3n eficaz y eficiente, de la mano con nuestra m\u00e1xima autoridad, el contralor general de la Rep\u00fablica, expres\u00f3 Guill\u00e9n.<\/span><\/p>\n<p style=\"text-align: justify;\">\u00a0<a href=\"http:\/\/www.contraloriaestadoamazonas.gob.ve\/amz\/wp-content\/uploads\/2016\/09\/Juramentacion-2.jpg\"><img loading=\"lazy\" decoding=\"async\" class=\"aligncenter size-medium wp-image-4702\" src=\"http:\/\/www.contraloriaestadoamazonas.gob.ve\/amz\/wp-content\/uploads\/2016\/09\/Juramentacion-2-300x139.jpg\" alt=\"juramentacion-2\" width=\"300\" height=\"139\" srcset=\"https:\/\/contraloriaestadoamazonas.gob.ve\/amz\/wp-content\/uploads\/2016\/09\/Juramentacion-2-300x139.jpg 300w, https:\/\/contraloriaestadoamazonas.gob.ve\/amz\/wp-content\/uploads\/2016\/09\/Juramentacion-2-768x356.jpg 768w, https:\/\/contraloriaestadoamazonas.gob.ve\/amz\/wp-content\/uploads\/2016\/09\/Juramentacion-2.jpg 900w\" sizes=\"auto, (max-width: 300px) 100vw, 300px\" \/><\/a><\/p>\n","protected":false},"excerpt":{"rendered":"<p>En el \u201cAuditorio de los Contralores\u201d El contralor general Jurament\u00f3 a directores generales y sectoriales de la CGR El titular del M\u00e1ximo \u00d3rgano de Control, Dr. Manuel E. Galindo B., asegur\u00f3 que continuar\u00e1 trabajando en equipo con lealtad y con &hellip; <a class=\"more-link\" href=\"https:\/\/contraloriaestadoamazonas.gob.ve\/amz\/2016\/09\/el-contralor-general-juramento-a-directores-generales-y-sectoriales-de-la-cgr-2\/\">Sigue leyendo <span class=\"meta-nav\">&rarr;<\/span><\/a><\/p>\n","protected":false},"author":10,"featured_media":0,"comment_status":"closed","ping_status":"closed","sticky":false,"template":"","format":"standard","meta":{"footnotes":""},"categories":[54],"tags":[],"class_list":["post-4706","post","type-post","status-publish","format-standard","hentry","category-noticias-cgr"],"_links":{"self":[{"href":"https:\/\/contraloriaestadoamazonas.gob.ve\/amz\/wp-json\/wp\/v2\/posts\/4706","targetHints":{"allow":["GET"]}}],"collection":[{"href":"https:\/\/contraloriaestadoamazonas.gob.ve\/amz\/wp-json\/wp\/v2\/posts"}],"about":[{"href":"https:\/\/contraloriaestadoamazonas.gob.ve\/amz\/wp-json\/wp\/v2\/types\/post"}],"author":[{"embeddable":true,"href":"https:\/\/contraloriaestadoamazonas.gob.ve\/amz\/wp-json\/wp\/v2\/users\/10"}],"replies":[{"embeddable":true,"href":"https:\/\/contraloriaestadoamazonas.gob.ve\/amz\/wp-json\/wp\/v2\/comments?post=4706"}],"version-history":[{"count":3,"href":"https:\/\/contraloriaestadoamazonas.gob.ve\/amz\/wp-json\/wp\/v2\/posts\/4706\/revisions"}],"predecessor-version":[{"id":4709,"href":"https:\/\/contraloriaestadoamazonas.gob.ve\/amz\/wp-json\/wp\/v2\/posts\/4706\/revisions\/4709"}],"wp:attachment":[{"href":"https:\/\/contraloriaestadoamazonas.gob.ve\/amz\/wp-json\/wp\/v2\/media?parent=4706"}],"wp:term":[{"taxonomy":"category","embeddable":true,"href":"https:\/\/contraloriaestadoamazonas.gob.ve\/amz\/wp-json\/wp\/v2\/categories?post=4706"},{"taxonomy":"post_tag","embeddable":true,"href":"https:\/\/contraloriaestadoamazonas.gob.ve\/amz\/wp-json\/wp\/v2\/tags?post=4706"}],"curies":[{"name":"wp","href":"https:\/\/api.w.org\/{rel}","templated":true}]}}