{"id":4714,"date":"2016-10-04T13:13:24","date_gmt":"2016-10-04T17:43:24","guid":{"rendered":"http:\/\/www.contraloriaestadoamazonas.gob.ve\/amz\/?p=4714"},"modified":"2016-10-04T13:35:30","modified_gmt":"2016-10-04T18:05:30","slug":"cgr-inauguro-la-exposicion-itinerante-vestuario-historia-y-cine","status":"publish","type":"post","link":"https:\/\/contraloriaestadoamazonas.gob.ve\/amz\/2016\/10\/cgr-inauguro-la-exposicion-itinerante-vestuario-historia-y-cine\/","title":{"rendered":"CGR inaugur\u00f3 la exposici\u00f3n itinerante \u201cVestuario, Historia y Cine\u201d"},"content":{"rendered":"<p style=\"text-align: justify;\"><span style=\"color: #000000;\">En el marco de su 78\u00b0 aniversario<\/span><\/p>\n<p style=\"text-align: justify;\"><strong><span style=\"color: #000000;\">CGR inaugur\u00f3 la exposici\u00f3n itinerante \u201cVestuario, Historia y Cine\u201d<\/span><\/strong><\/p>\n<p style=\"text-align: justify;\"><span style=\"color: #000000;\">La Contralor\u00eda General de la Rep\u00fablica Bolivariana de Venezuela, con motivo de su 78\u00b0 aniversario, inaugur\u00f3 conjuntamente con el Instituto de Altos Estudios de Control Fiscal y Auditor\u00eda de Estado Fundaci\u00f3n Gumersindo Torres (COFAE) la exposici\u00f3n itinerante \u201cVestuario, Historia y Cine\u201d, en la cual se dan a conocer prendas utilizadas a lo largo de toda la historia de Venezuela.<\/span><\/p>\n<p style=\"text-align: justify;\"><span style=\"color: #000000;\">La actividad se inici\u00f3 con las bendiciones y palabras oficiadas por el sacerdote comunitario de la Divina Misericordia Misael Mart\u00ednez, quien expres\u00f3 que Dios tambi\u00e9n tiene su Contralor\u00eda espiritual. \u201cNo dejamos de ser materialistas por un ideolog\u00eda: dejamos de ser materialistas cuando nos convertimos en seres espirituales; y no nos convertimos en seres espirituales a trav\u00e9s de la religiosidad, sino a trav\u00e9s de las vivencias, la sensibilidad, la transparencia y el respeto a todos los seres humanos\u201d, reflexion\u00f3 Mart\u00ednez en sus palabras.<\/span><!--more--><!--more--><\/p>\n<p style=\"text-align: justify;\"><span style=\"color: #000000;\">El contralor general, Dr. Manuel Galindo Ballesteros, agradeci\u00f3 al sacerdote Mart\u00ednez y al presidente de la Fundaci\u00f3n Villa del Cine, Jorge Antonio G\u00f3mez, por su apoyo incondicional. Por otra parte, inst\u00f3 al director de Atenci\u00f3n al Ciudadano y Control Social, Ad\u00e1n Poleo, a trabajar con los consejos comunales, para que estos realicen las denuncias necesarias de las gobernaciones, alcald\u00edas, fundaciones y hospitales. \u201cNo es posible que todos los d\u00edas se reflejen en las redes sociales y en algunos peri\u00f3dicos irregularidades por extrav\u00edo de fondos. Un pueblo que est\u00e1 gritando basta de corrupci\u00f3n. Es hora de corregir. Vamos a trabajar unidos, as\u00ed como decimos Contraloras y contralores somos todos\u201d, resalt\u00f3 Galindo.<\/span><\/p>\n<p style=\"text-align: justify;\"><span style=\"color: #000000;\">Por su parte, la presidenta del Instituto de Altos Estudios de Control Fiscal y Auditor\u00eda de Estado Fundaci\u00f3n Gumersindo Torres (COFAE), Lisset Guill\u00e9n Rivas, expres\u00f3 que la llena de orgullo iniciar el 78\u00b0 aniversario de la CGR con la majestuosa exposici\u00f3n que denota c\u00f3mo el vestuario en los proyectos cinematogr\u00e1ficos permite conocer las diferentes etapas de la historia de Venezuela, y que gracias a la elaboraci\u00f3n en los talleres de vestuario de la Fundaci\u00f3n Villa del Cine con insumos nacionales, las prendas se convierten en un valor art\u00edstico, \u201corgullo de todas y todos los venezolanos, como un bien nacional\u201d.<\/span><\/p>\n<p style=\"text-align: justify;\"><span style=\"color: #000000;\">Para finalizar, el presidente de la Fundaci\u00f3n Villa del Cine, Jorge Antonio G\u00f3mez, agradeci\u00f3 a la CGR por el apoyo que brinda como fuerza de Estado con el espacio que muestra uno de los trabajos que realiza la Fundaci\u00f3n. \u201cMe siento orgulloso y privilegiado de brindar esta exposici\u00f3n a cada trabajadora y trabajador de tan honrada instituci\u00f3n como lo es la Contralor\u00eda General\u201d, dijo.<\/span><\/p>\n<p style=\"text-align: justify;\"><a href=\"http:\/\/www.contraloriaestadoamazonas.gob.ve\/amz\/wp-content\/uploads\/2016\/10\/5.jpg\"><img loading=\"lazy\" decoding=\"async\" class=\"aligncenter size-medium wp-image-4717\" src=\"http:\/\/www.contraloriaestadoamazonas.gob.ve\/amz\/wp-content\/uploads\/2016\/10\/5-300x200.jpg\" alt=\"5\" width=\"300\" height=\"200\" srcset=\"https:\/\/contraloriaestadoamazonas.gob.ve\/amz\/wp-content\/uploads\/2016\/10\/5-300x200.jpg 300w, https:\/\/contraloriaestadoamazonas.gob.ve\/amz\/wp-content\/uploads\/2016\/10\/5-768x512.jpg 768w, https:\/\/contraloriaestadoamazonas.gob.ve\/amz\/wp-content\/uploads\/2016\/10\/5.jpg 900w\" sizes=\"auto, (max-width: 300px) 100vw, 300px\" \/><\/a><\/p>\n","protected":false},"excerpt":{"rendered":"<p>En el marco de su 78\u00b0 aniversario CGR inaugur\u00f3 la exposici\u00f3n itinerante \u201cVestuario, Historia y Cine\u201d La Contralor\u00eda General de la Rep\u00fablica Bolivariana de Venezuela, con motivo de su 78\u00b0 aniversario, inaugur\u00f3 conjuntamente con el Instituto de Altos Estudios de &hellip; <a class=\"more-link\" href=\"https:\/\/contraloriaestadoamazonas.gob.ve\/amz\/2016\/10\/cgr-inauguro-la-exposicion-itinerante-vestuario-historia-y-cine\/\">Sigue leyendo <span class=\"meta-nav\">&rarr;<\/span><\/a><\/p>\n","protected":false},"author":10,"featured_media":0,"comment_status":"closed","ping_status":"closed","sticky":false,"template":"","format":"standard","meta":{"footnotes":""},"categories":[54],"tags":[],"class_list":["post-4714","post","type-post","status-publish","format-standard","hentry","category-noticias-cgr"],"_links":{"self":[{"href":"https:\/\/contraloriaestadoamazonas.gob.ve\/amz\/wp-json\/wp\/v2\/posts\/4714","targetHints":{"allow":["GET"]}}],"collection":[{"href":"https:\/\/contraloriaestadoamazonas.gob.ve\/amz\/wp-json\/wp\/v2\/posts"}],"about":[{"href":"https:\/\/contraloriaestadoamazonas.gob.ve\/amz\/wp-json\/wp\/v2\/types\/post"}],"author":[{"embeddable":true,"href":"https:\/\/contraloriaestadoamazonas.gob.ve\/amz\/wp-json\/wp\/v2\/users\/10"}],"replies":[{"embeddable":true,"href":"https:\/\/contraloriaestadoamazonas.gob.ve\/amz\/wp-json\/wp\/v2\/comments?post=4714"}],"version-history":[{"count":3,"href":"https:\/\/contraloriaestadoamazonas.gob.ve\/amz\/wp-json\/wp\/v2\/posts\/4714\/revisions"}],"predecessor-version":[{"id":4716,"href":"https:\/\/contraloriaestadoamazonas.gob.ve\/amz\/wp-json\/wp\/v2\/posts\/4714\/revisions\/4716"}],"wp:attachment":[{"href":"https:\/\/contraloriaestadoamazonas.gob.ve\/amz\/wp-json\/wp\/v2\/media?parent=4714"}],"wp:term":[{"taxonomy":"category","embeddable":true,"href":"https:\/\/contraloriaestadoamazonas.gob.ve\/amz\/wp-json\/wp\/v2\/categories?post=4714"},{"taxonomy":"post_tag","embeddable":true,"href":"https:\/\/contraloriaestadoamazonas.gob.ve\/amz\/wp-json\/wp\/v2\/tags?post=4714"}],"curies":[{"name":"wp","href":"https:\/\/api.w.org\/{rel}","templated":true}]}}