{"id":4720,"date":"2016-10-06T10:10:19","date_gmt":"2016-10-06T14:40:19","guid":{"rendered":"http:\/\/www.contraloriaestadoamazonas.gob.ve\/amz\/?p=4720"},"modified":"2016-10-06T10:59:47","modified_gmt":"2016-10-06T15:29:47","slug":"cofae-certifico-a-funcionarias-y-funcionarios-de-diversos-entes-y-a-integrantes-del-poder-popular","status":"publish","type":"post","link":"https:\/\/contraloriaestadoamazonas.gob.ve\/amz\/2016\/10\/cofae-certifico-a-funcionarias-y-funcionarios-de-diversos-entes-y-a-integrantes-del-poder-popular\/","title":{"rendered":"COFAE certific\u00f3 a funcionarias y funcionarios de diversos entes y a integrantes del poder popular"},"content":{"rendered":"<p style=\"text-align: justify;\"><span style=\"color: #000000;\">En el marco del 78\u00b0 aniversario de la CGR<\/span><\/p>\n<p style=\"text-align: justify;\"><strong><span style=\"color: #000000;\">COFAE certific\u00f3 a funcionarias y funcionarios de diversos entes y a integrantes del poder popular<\/span><\/strong><\/p>\n<p style=\"text-align: justify;\"><span style=\"color: #000000;\">La Contralor\u00eda General de la Rep\u00fablica Bolivariana deVenezuela, a trav\u00e9s de la Direcci\u00f3n de Atenci\u00f3n al Ciudadano y Control Social y conjuntamente con el Instituto de Altos Estudios de Control Fiscal y Auditor\u00eda de Estado Fundaci\u00f3n \u201cGumersindo Torres\u201d (COFAE), certific\u00f3 a m\u00e1s de 260 funcionarias y funcionarios de la Administraci\u00f3n P\u00fablica de diversos entes, as\u00ed como tambi\u00e9n a integrantes del poder popular, en el taller La denuncia como mecanismo de participaci\u00f3n ciudadana y control social, el cual tiene como objetivo impartir herramientas que coadyuven a la prevenci\u00f3n y la lucha contra el flagelo de la corrupci\u00f3n.<\/span><!--more--><!--more--><\/p>\n<p style=\"text-align: justify;\"><span style=\"color: #000000;\">Durante el acto, el contralor general de la Rep\u00fablica, Dr. Manuel Enrique Galindo Ballesteros, se\u00f1al\u00f3: \u201cEste es un evento que marc\u00f3 una pauta muy importante en la CGR. Por ello, hago un llamado a todas y todos los jefes de las Oficinas de Atenci\u00f3n al Ciudadano a que se organicen y fortalezcan los conocimientos de su personal, y a este, a su vez, a que ponga en pr\u00e1ctica la formaci\u00f3n adquirida para que esta no se quede simplemente en un certificado; ya que las OAC son las dependencias de las instituciones m\u00e1s cercanas al pueblo y la base principal para llegar a las comunidades y fortalecerlas para combatir la corrupci\u00f3n.<\/span><\/p>\n<p style=\"text-align: justify;\"><span style=\"color: #000000;\">En este sentido, Ad\u00e1n Poleo, director de Atenci\u00f3n al Ciudadano y Control Social, explic\u00f3 que parte de esta cohorte se encargar\u00e1 de hacerle seguimiento a las Oficinas de Atenci\u00f3n al Ciudadano de la Administraci\u00f3n P\u00fablica. Por su parte, la presidenta de COFAE, Lisset Guill\u00e9n Rivas, expres\u00f3: \u201cCOFAE siempre fortalecer\u00e1 la capacitaci\u00f3n, para que cada d\u00eda se afiancen m\u00e1s en el poder popular los mecanismos para afrontar el flagelo de la corrupci\u00f3n, que tanto aqueja a la ciudadan\u00eda venezolana\u201d.<\/span><\/p>\n<p style=\"text-align: justify;\"><a href=\"http:\/\/www.contraloriaestadoamazonas.gob.ve\/amz\/wp-content\/uploads\/2016\/10\/Foto-grupal-M.A.jpg\"><img loading=\"lazy\" decoding=\"async\" class=\"aligncenter size-medium wp-image-4723\" src=\"http:\/\/www.contraloriaestadoamazonas.gob.ve\/amz\/wp-content\/uploads\/2016\/10\/Foto-grupal-M.A-300x135.jpg\" alt=\"foto-grupal-m-a\" width=\"300\" height=\"135\" srcset=\"https:\/\/contraloriaestadoamazonas.gob.ve\/amz\/wp-content\/uploads\/2016\/10\/Foto-grupal-M.A-300x135.jpg 300w, https:\/\/contraloriaestadoamazonas.gob.ve\/amz\/wp-content\/uploads\/2016\/10\/Foto-grupal-M.A-768x345.jpg 768w, https:\/\/contraloriaestadoamazonas.gob.ve\/amz\/wp-content\/uploads\/2016\/10\/Foto-grupal-M.A.jpg 900w\" sizes=\"auto, (max-width: 300px) 100vw, 300px\" \/><\/a><\/p>\n","protected":false},"excerpt":{"rendered":"<p>En el marco del 78\u00b0 aniversario de la CGR COFAE certific\u00f3 a funcionarias y funcionarios de diversos entes y a integrantes del poder popular La Contralor\u00eda General de la Rep\u00fablica Bolivariana deVenezuela, a trav\u00e9s de la Direcci\u00f3n de Atenci\u00f3n al &hellip; <a class=\"more-link\" href=\"https:\/\/contraloriaestadoamazonas.gob.ve\/amz\/2016\/10\/cofae-certifico-a-funcionarias-y-funcionarios-de-diversos-entes-y-a-integrantes-del-poder-popular\/\">Sigue leyendo <span class=\"meta-nav\">&rarr;<\/span><\/a><\/p>\n","protected":false},"author":10,"featured_media":0,"comment_status":"closed","ping_status":"closed","sticky":false,"template":"","format":"standard","meta":{"footnotes":""},"categories":[54],"tags":[],"class_list":["post-4720","post","type-post","status-publish","format-standard","hentry","category-noticias-cgr"],"_links":{"self":[{"href":"https:\/\/contraloriaestadoamazonas.gob.ve\/amz\/wp-json\/wp\/v2\/posts\/4720","targetHints":{"allow":["GET"]}}],"collection":[{"href":"https:\/\/contraloriaestadoamazonas.gob.ve\/amz\/wp-json\/wp\/v2\/posts"}],"about":[{"href":"https:\/\/contraloriaestadoamazonas.gob.ve\/amz\/wp-json\/wp\/v2\/types\/post"}],"author":[{"embeddable":true,"href":"https:\/\/contraloriaestadoamazonas.gob.ve\/amz\/wp-json\/wp\/v2\/users\/10"}],"replies":[{"embeddable":true,"href":"https:\/\/contraloriaestadoamazonas.gob.ve\/amz\/wp-json\/wp\/v2\/comments?post=4720"}],"version-history":[{"count":3,"href":"https:\/\/contraloriaestadoamazonas.gob.ve\/amz\/wp-json\/wp\/v2\/posts\/4720\/revisions"}],"predecessor-version":[{"id":4724,"href":"https:\/\/contraloriaestadoamazonas.gob.ve\/amz\/wp-json\/wp\/v2\/posts\/4720\/revisions\/4724"}],"wp:attachment":[{"href":"https:\/\/contraloriaestadoamazonas.gob.ve\/amz\/wp-json\/wp\/v2\/media?parent=4720"}],"wp:term":[{"taxonomy":"category","embeddable":true,"href":"https:\/\/contraloriaestadoamazonas.gob.ve\/amz\/wp-json\/wp\/v2\/categories?post=4720"},{"taxonomy":"post_tag","embeddable":true,"href":"https:\/\/contraloriaestadoamazonas.gob.ve\/amz\/wp-json\/wp\/v2\/tags?post=4720"}],"curies":[{"name":"wp","href":"https:\/\/api.w.org\/{rel}","templated":true}]}}