{"id":4726,"date":"2016-10-18T12:57:28","date_gmt":"2016-10-18T17:27:28","guid":{"rendered":"http:\/\/www.contraloriaestadoamazonas.gob.ve\/amz\/?p=4726"},"modified":"2016-10-18T13:03:54","modified_gmt":"2016-10-18T17:33:54","slug":"eligieron-a-nuevos-contralores-indigenas-en-rueda-cejalito-y-puente-de-paria","status":"publish","type":"post","link":"https:\/\/contraloriaestadoamazonas.gob.ve\/amz\/2016\/10\/eligieron-a-nuevos-contralores-indigenas-en-rueda-cejalito-y-puente-de-paria\/","title":{"rendered":"ELIGIERON A CONTRALORES IND\u00cdGENAS EN RUEDA, CEJALITO Y PUENTE DE PARIA"},"content":{"rendered":"<p><span style=\"color: #000000;\"><strong>CON APOYO DE LA OAC Y CONSEJO MORAL REPUBLICANO <\/strong><\/span><\/p>\n<p style=\"text-align: center;\"><span style=\"color: #000000;\"><strong>ELIGIERON A CONTRALORES IND\u00cdGENAS EN RUEDA, CEJALITO Y PUENTE DE PARIA<\/strong><\/span><\/p>\n<p style=\"text-align: justify;\"><span style=\"color: #000000;\"><strong>La Oficina de Atenci\u00f3n al Ciudadano <\/strong>(OAC) de la Contralor\u00eda del estado Amazonas, bajo las directrices del Contralor (P) Guillermo Forti, estuvo presente durante las elecciones de los contralores ind\u00edgenas en las comunidades de Rueda, Cejalito y Puente de Paria de la entidad amazonense.<\/span><\/p>\n<p style=\"text-align: justify;\"><span style=\"color: #000000;\">Con una importante participaci\u00f3n, vecinos e integrantes de la zona escogieron a las figuras que ser\u00e1n garante de los intereses de la poblaci\u00f3n en relaci\u00f3n al control ambiental, social y cultural. De este modo, Iraly Gonz\u00e1lez, integrante de la comunidad de Rueda fue electa por unanimidad como Contralora ind\u00edgena, en tanto que, Nelly Rodr\u00edguez asumi\u00f3 por la comunidad de Cejalito y, Luis Mej\u00eda result\u00f3 electo Contralor de la comunidad Puente de Par\u00eda. Estos representantes tendr\u00e1n un per\u00edodo de gesti\u00f3n de un a\u00f1o.<\/span><\/p>\n<p style=\"text-align: justify;\"><span style=\"color: #000000;\">Como en cada encuentro fue destacada la importancia de la Constituci\u00f3n de la Rep\u00fablica Bolivariana de Venezuela en defensa de los Derechos de los pueblos ind\u00edgenas. Del mismo modo, se insisti\u00f3 en la b\u00fasqueda de soluciones para generar consciencia ambiental y social en la poblaci\u00f3n. En este sentido, fueron atendidas las inquietudes de los habitantes en cuanto a los procedimientos para realizar las denuncias respectivas ante el manejo indiscriminado de los recursos naturales y da\u00f1os ocasionados a la naturaleza.<\/span><\/p>\n<p style=\"text-align: justify;\"><span style=\"color: #000000;\">Durante el desarrollo de la actividad, los habitantes de la comunidad saludaron la iniciativa del Programa impulsado por la Contralor\u00eda y, manifestaron el deseo de rescatar la cultura y el esp\u00edritu de organizaci\u00f3n en las comunidades. Es importante destacar que estas elecciones contaron con la participaci\u00f3n de la Licenciada Lucila Ram\u00edrez, representante del <strong>Consejo Moral Republicano<\/strong>, quien explic\u00f3 el contenido de la \u201cValija Did\u00e1ctica\u00bb con base en los principios y deberes de los funcionarios y las funcionarias p\u00fablicas, destacando la importancia del respeto a los derechos humanos y \u00a0el rescate de los valores trascendentales de la rep\u00fablica, aquellos fundamentales para promover la educaci\u00f3n y el amor a la patria.<\/span><\/p>\n<p style=\"text-align: justify;\"><span style=\"color: #000000;\">Es importante destacar que, el proceso de juramentaci\u00f3n ser\u00e1 realizado en el marco de una actividad \u00fanica, organizada por la Contralor\u00eda del Estado Amazonas en los d\u00edas pr\u00f3ximos.<\/span><\/p>\n<p style=\"text-align: center;\"><em>Mejor prevenir y educar que sancionar a futuro<\/em><\/p>\n<p style=\"text-align: center;\"><em>Contraloras y Contralores somos todos<\/em><\/p>\n<div id=\"attachment_4727\" style=\"width: 310px\" class=\"wp-caption aligncenter\"><a href=\"http:\/\/www.contraloriaestadoamazonas.gob.ve\/amz\/wp-content\/uploads\/2016\/10\/DSC09461.jpg\"><img loading=\"lazy\" decoding=\"async\" aria-describedby=\"caption-attachment-4727\" class=\"size-medium wp-image-4727\" src=\"http:\/\/www.contraloriaestadoamazonas.gob.ve\/amz\/wp-content\/uploads\/2016\/10\/DSC09461-300x201.jpg\" alt=\"SONY DSC\" width=\"300\" height=\"201\" srcset=\"https:\/\/contraloriaestadoamazonas.gob.ve\/amz\/wp-content\/uploads\/2016\/10\/DSC09461-300x201.jpg 300w, https:\/\/contraloriaestadoamazonas.gob.ve\/amz\/wp-content\/uploads\/2016\/10\/DSC09461.jpg 448w\" sizes=\"auto, (max-width: 300px) 100vw, 300px\" \/><\/a><p id=\"caption-attachment-4727\" class=\"wp-caption-text\">Iraly Gonz\u00e1lez (Contralora ind\u00edgena-Comunidad Rueda)<\/p><\/div>\n<div id=\"attachment_4728\" style=\"width: 310px\" class=\"wp-caption aligncenter\"><a href=\"http:\/\/www.contraloriaestadoamazonas.gob.ve\/amz\/wp-content\/uploads\/2016\/10\/DSC09505.jpg\"><img loading=\"lazy\" decoding=\"async\" aria-describedby=\"caption-attachment-4728\" class=\"size-medium wp-image-4728\" src=\"http:\/\/www.contraloriaestadoamazonas.gob.ve\/amz\/wp-content\/uploads\/2016\/10\/DSC09505-300x201.jpg\" alt=\"SONY DSC\" width=\"300\" height=\"201\" srcset=\"https:\/\/contraloriaestadoamazonas.gob.ve\/amz\/wp-content\/uploads\/2016\/10\/DSC09505-300x201.jpg 300w, https:\/\/contraloriaestadoamazonas.gob.ve\/amz\/wp-content\/uploads\/2016\/10\/DSC09505.jpg 448w\" sizes=\"auto, (max-width: 300px) 100vw, 300px\" \/><\/a><p id=\"caption-attachment-4728\" class=\"wp-caption-text\">Nelly Rodr\u00edguez (Contralora ind\u00edgena-Comunidad de Cejalito)<\/p><\/div>\n<div id=\"attachment_4729\" style=\"width: 310px\" class=\"wp-caption aligncenter\"><a href=\"http:\/\/www.contraloriaestadoamazonas.gob.ve\/amz\/wp-content\/uploads\/2016\/10\/DSC09501.jpg\"><img loading=\"lazy\" decoding=\"async\" aria-describedby=\"caption-attachment-4729\" class=\"size-medium wp-image-4729\" src=\"http:\/\/www.contraloriaestadoamazonas.gob.ve\/amz\/wp-content\/uploads\/2016\/10\/DSC09501-300x201.jpg\" alt=\"SONY DSC\" width=\"300\" height=\"201\" srcset=\"https:\/\/contraloriaestadoamazonas.gob.ve\/amz\/wp-content\/uploads\/2016\/10\/DSC09501-300x201.jpg 300w, https:\/\/contraloriaestadoamazonas.gob.ve\/amz\/wp-content\/uploads\/2016\/10\/DSC09501.jpg 448w\" sizes=\"auto, (max-width: 300px) 100vw, 300px\" \/><\/a><p id=\"caption-attachment-4729\" class=\"wp-caption-text\">Lcda. Lucila Ram\u00edrez (Representante del Consejo Moral Republicano)<\/p><\/div>\n<p><a href=\"http:\/\/www.contraloriaestadoamazonas.gob.ve\/amz\/wp-content\/uploads\/2016\/10\/Collage-Rueda-y-Cejalito.png\"><img loading=\"lazy\" decoding=\"async\" class=\" wp-image-4730 aligncenter\" src=\"http:\/\/www.contraloriaestadoamazonas.gob.ve\/amz\/wp-content\/uploads\/2016\/10\/Collage-Rueda-y-Cejalito-300x225.png\" alt=\"collage-rueda-y-cejalito\" width=\"365\" height=\"274\" srcset=\"https:\/\/contraloriaestadoamazonas.gob.ve\/amz\/wp-content\/uploads\/2016\/10\/Collage-Rueda-y-Cejalito-300x225.png 300w, https:\/\/contraloriaestadoamazonas.gob.ve\/amz\/wp-content\/uploads\/2016\/10\/Collage-Rueda-y-Cejalito.png 640w\" sizes=\"auto, (max-width: 365px) 100vw, 365px\" \/><\/a><\/p>\n","protected":false},"excerpt":{"rendered":"<p>CON APOYO DE LA OAC Y CONSEJO MORAL REPUBLICANO ELIGIERON A CONTRALORES IND\u00cdGENAS EN RUEDA, CEJALITO Y PUENTE DE PARIA La Oficina de Atenci\u00f3n al Ciudadano (OAC) de la Contralor\u00eda del estado Amazonas, bajo las directrices del Contralor (P) Guillermo &hellip; <a class=\"more-link\" href=\"https:\/\/contraloriaestadoamazonas.gob.ve\/amz\/2016\/10\/eligieron-a-nuevos-contralores-indigenas-en-rueda-cejalito-y-puente-de-paria\/\">Sigue leyendo <span class=\"meta-nav\">&rarr;<\/span><\/a><\/p>\n","protected":false},"author":11,"featured_media":0,"comment_status":"closed","ping_status":"closed","sticky":false,"template":"","format":"gallery","meta":{"footnotes":""},"categories":[55],"tags":[],"class_list":["post-4726","post","type-post","status-publish","format-gallery","hentry","category-noticias-cea","post_format-post-format-gallery"],"_links":{"self":[{"href":"https:\/\/contraloriaestadoamazonas.gob.ve\/amz\/wp-json\/wp\/v2\/posts\/4726","targetHints":{"allow":["GET"]}}],"collection":[{"href":"https:\/\/contraloriaestadoamazonas.gob.ve\/amz\/wp-json\/wp\/v2\/posts"}],"about":[{"href":"https:\/\/contraloriaestadoamazonas.gob.ve\/amz\/wp-json\/wp\/v2\/types\/post"}],"author":[{"embeddable":true,"href":"https:\/\/contraloriaestadoamazonas.gob.ve\/amz\/wp-json\/wp\/v2\/users\/11"}],"replies":[{"embeddable":true,"href":"https:\/\/contraloriaestadoamazonas.gob.ve\/amz\/wp-json\/wp\/v2\/comments?post=4726"}],"version-history":[{"count":4,"href":"https:\/\/contraloriaestadoamazonas.gob.ve\/amz\/wp-json\/wp\/v2\/posts\/4726\/revisions"}],"predecessor-version":[{"id":4734,"href":"https:\/\/contraloriaestadoamazonas.gob.ve\/amz\/wp-json\/wp\/v2\/posts\/4726\/revisions\/4734"}],"wp:attachment":[{"href":"https:\/\/contraloriaestadoamazonas.gob.ve\/amz\/wp-json\/wp\/v2\/media?parent=4726"}],"wp:term":[{"taxonomy":"category","embeddable":true,"href":"https:\/\/contraloriaestadoamazonas.gob.ve\/amz\/wp-json\/wp\/v2\/categories?post=4726"},{"taxonomy":"post_tag","embeddable":true,"href":"https:\/\/contraloriaestadoamazonas.gob.ve\/amz\/wp-json\/wp\/v2\/tags?post=4726"}],"curies":[{"name":"wp","href":"https:\/\/api.w.org\/{rel}","templated":true}]}}