{"id":4736,"date":"2016-10-18T13:17:27","date_gmt":"2016-10-18T17:47:27","guid":{"rendered":"http:\/\/www.contraloriaestadoamazonas.gob.ve\/amz\/?p=4736"},"modified":"2016-10-18T13:17:27","modified_gmt":"2016-10-18T17:47:27","slug":"fiscal-general-de-la-republica-recibio-condecoracion-gumersindo-torres","status":"publish","type":"post","link":"https:\/\/contraloriaestadoamazonas.gob.ve\/amz\/2016\/10\/fiscal-general-de-la-republica-recibio-condecoracion-gumersindo-torres\/","title":{"rendered":"Fiscal general de la Rep\u00fablica recibi\u00f3 condecoraci\u00f3n \u201cGumersindo Torres\u201d"},"content":{"rendered":"<p style=\"text-align: justify;\"><span style=\"color: #000000;\">En el marco del 78\u00ba aniversario de la CGR<\/span><\/p>\n<p style=\"text-align: justify;\"><strong><span style=\"color: #000000;\">Fiscal general de la Rep\u00fablica recibi\u00f3 condecoraci\u00f3n \u201cGumersindo Torres\u201d<\/span><\/strong><\/p>\n<p style=\"text-align: justify;\"><span style=\"color: #000000;\">\u00a0\u00a0\u00a0\u00a0\u00a0\u00a0\u00a0\u00a0\u00a0\u00a0\u00a0\u00a0\u00a0\u00a0\u00a0 \u201cEl Ministerio P\u00fablico articula siempre con la CGR para combatir la corrupci\u00f3n\u201d, resalt\u00f3 Luisa Ortega D\u00edaz, fiscal general de la Rep\u00fablica<\/span><\/p>\n<p style=\"text-align: justify;\"><span style=\"color: #000000;\">\u201cLa Contralor\u00eda General de la Rep\u00fablica y el Ministerio P\u00fablico, a pesar de realizar funciones distintas, son \u00f3rganos unidos desde su existencia, no solo por lo que plasma la Constituci\u00f3n de la Rep\u00fablica Bolivariana de Venezuela, sino por el fin com\u00fan que realizan, en el inter\u00e9s de los venezolanos, de combatir la corrupci\u00f3n\u201d, indic\u00f3 la fiscal general de la Rep\u00fablica, Luisa Ortega D\u00edaz, luego de recibir la condecoraci\u00f3n \u201cGumersindo Torres\u201d en su \u00fanica clase, impuesta por el contralor general, Dr. Manuel Enrique Galindo Ballesteros, durante el Acto Central de los 78 a\u00f1os del M\u00e1ximo \u00d3rgano de Control Fiscal.<\/span><\/p>\n<p style=\"text-align: justify;\"><span style=\"color: #000000;\">En este sentido, Ortega D\u00edaz, se\u00f1al\u00f3: \u201cEs un honor para m\u00ed estar presente en este acto, y agradezco la deferencia al serme otorgada esta distinci\u00f3n, la cual llevar\u00e9 con orgullo porque es s\u00edmbolo del esp\u00edritu de cooperaci\u00f3n y colaboraci\u00f3n que nos caracteriza como integrantes del Poder Ciudadano, encargado de velar por los principios y valores de nuestra patria. Adem\u00e1s, la recibo con el compromiso de que el Ministerio P\u00fablico seguir\u00e1 trabajando por los fines m\u00e1s nobles del Estado y en funci\u00f3n de resguardar celosamente los bienes y recursos de los venezolanos\u201d. Asimismo, enfatiz\u00f3 que continuar\u00e1 afianzando lazos para consolidar un Estado que defienda los valores constitucionales.\u00a0<\/span><!--more--><!--more--><\/p>\n<p style=\"text-align: justify;\"><span style=\"color: #000000;\">Seguidamente, el contralor general de la Rep\u00fablica Bolivariana de Venezuela, Dr. Manuel Enrique Galindo Ballesteros, agradeci\u00f3 a la fiscal por inculcar el esp\u00edritu de colaboraci\u00f3n entre la gente y manifest\u00f3 que para continuar luchando contra la corrupci\u00f3n \u201chay que fortalecer la capacitaci\u00f3n, lo cual es un deber constitucional\u201d; por ello, hizo un llamado a todos los integrantes del Sistema Nacional de Control Fiscal, directores generales y sectoriales de la CGR, as\u00ed como tambi\u00e9n a la presidenta del Instituto de Altos Estudios de Control Fiscal y Auditor\u00eda de Estado Fundaci\u00f3n \u201cGumersindo Torres\u201d, COFAE, para que todos \u00edntegralmente unidos consoliden el proceso educativo en la prevenci\u00f3n de la corrupci\u00f3n; porque, dijo,\u00a0 \u201cdebemos recordar\u00a0 permanentemente educar y prevenir antes que sancionar a futuro\u201d.<\/span><\/p>\n<p style=\"text-align: justify;\"><span style=\"color: #000000;\">De igual manera, expres\u00f3: \u201cLas servidoras y los servidores p\u00fablicos son la base del \u00e9xito de cualquier gesti\u00f3n, porque son ellos quienes realizan los procesos medulares\u201d. Tambi\u00e9n, comunic\u00f3 que ya se oficializ\u00f3 en Gaceta Oficial el Plan Estrat\u00e9gico del Sistema Nacional de Control Fiscal 2016-2021.<\/span><\/p>\n<p style=\"text-align: justify;\"><span style=\"color: #000000;\">Durante la conmemoraci\u00f3n del septuag\u00e9simo octavo aniversario de la Contralor\u00eda General de la Rep\u00fablica Bolivariana de Venezuela, tambi\u00e9n Galindo reconoci\u00f3 la dedicaci\u00f3n eficaz y eficiente y la proba labor de servidoras y servidores p\u00fablicos con una antig\u00fcedad laboral de 5, 10, 15, 20 y 25 a\u00f1os de servicio en la CGR, quienes fueron condecorados con Botones, y la Orden en el M\u00e9rito al Trabajo con la imposici\u00f3n de las medallas: \u201cEumelia Hern\u00e1ndez\u201d y \u201cAlfredo Maneiro\u201d en su 1<sup>a<\/sup>; \u201cCarmen Clemente Travieso\u201d y \u201cAntonio D\u00edaz `Pope\u00b4\u201d en su 2<sup>a<\/sup> clase, y\u201cArgelia Laya\u201d y \u201cPedro Pascual Abarca\u201d en su 3<sup>a<\/sup>clase.<\/span><\/p>\n<p style=\"text-align: justify;\"><span style=\"color: #000000;\">El acto finaliz\u00f3 con la presentaci\u00f3n de un repertorio musical latinoamericano, ejecutado por la Orquesta Sinf\u00f3nica de la Milicia Bolivariana de Venezuela \u201cHugo Ch\u00e1vez\u201d, quienes consciente de la necesidad de esparcir la cultura a nivel popular hicieron del arpa, el cuatro y las maracas los protagonistas capaces de aflorar la sensibilidad y el humanismohasta el punto de sembrar valores a trav\u00e9s de las artes.<\/span><\/p>\n<p style=\"text-align: justify;\"><a href=\"http:\/\/www.contraloriaestadoamazonas.gob.ve\/amz\/wp-content\/uploads\/2016\/10\/cgr1.jpg\"><img loading=\"lazy\" decoding=\"async\" class=\"aligncenter size-medium wp-image-4737\" src=\"http:\/\/www.contraloriaestadoamazonas.gob.ve\/amz\/wp-content\/uploads\/2016\/10\/cgr1-300x177.jpg\" alt=\"cgr1\" width=\"300\" height=\"177\" srcset=\"https:\/\/contraloriaestadoamazonas.gob.ve\/amz\/wp-content\/uploads\/2016\/10\/cgr1-300x177.jpg 300w, https:\/\/contraloriaestadoamazonas.gob.ve\/amz\/wp-content\/uploads\/2016\/10\/cgr1-768x452.jpg 768w, https:\/\/contraloriaestadoamazonas.gob.ve\/amz\/wp-content\/uploads\/2016\/10\/cgr1-1024x603.jpg 1024w, https:\/\/contraloriaestadoamazonas.gob.ve\/amz\/wp-content\/uploads\/2016\/10\/cgr1.jpg 1302w\" sizes=\"auto, (max-width: 300px) 100vw, 300px\" \/><\/a><\/p>\n<p>&nbsp;<\/p>\n","protected":false},"excerpt":{"rendered":"<p>En el marco del 78\u00ba aniversario de la CGR Fiscal general de la Rep\u00fablica recibi\u00f3 condecoraci\u00f3n \u201cGumersindo Torres\u201d \u00a0\u00a0\u00a0\u00a0\u00a0\u00a0\u00a0\u00a0\u00a0\u00a0\u00a0\u00a0\u00a0\u00a0\u00a0 \u201cEl Ministerio P\u00fablico articula siempre con la CGR para combatir la corrupci\u00f3n\u201d, resalt\u00f3 Luisa Ortega D\u00edaz, fiscal general de la Rep\u00fablica &hellip; <a class=\"more-link\" href=\"https:\/\/contraloriaestadoamazonas.gob.ve\/amz\/2016\/10\/fiscal-general-de-la-republica-recibio-condecoracion-gumersindo-torres\/\">Sigue leyendo <span class=\"meta-nav\">&rarr;<\/span><\/a><\/p>\n","protected":false},"author":10,"featured_media":0,"comment_status":"closed","ping_status":"closed","sticky":false,"template":"","format":"standard","meta":{"footnotes":""},"categories":[54],"tags":[],"class_list":["post-4736","post","type-post","status-publish","format-standard","hentry","category-noticias-cgr"],"_links":{"self":[{"href":"https:\/\/contraloriaestadoamazonas.gob.ve\/amz\/wp-json\/wp\/v2\/posts\/4736","targetHints":{"allow":["GET"]}}],"collection":[{"href":"https:\/\/contraloriaestadoamazonas.gob.ve\/amz\/wp-json\/wp\/v2\/posts"}],"about":[{"href":"https:\/\/contraloriaestadoamazonas.gob.ve\/amz\/wp-json\/wp\/v2\/types\/post"}],"author":[{"embeddable":true,"href":"https:\/\/contraloriaestadoamazonas.gob.ve\/amz\/wp-json\/wp\/v2\/users\/10"}],"replies":[{"embeddable":true,"href":"https:\/\/contraloriaestadoamazonas.gob.ve\/amz\/wp-json\/wp\/v2\/comments?post=4736"}],"version-history":[{"count":2,"href":"https:\/\/contraloriaestadoamazonas.gob.ve\/amz\/wp-json\/wp\/v2\/posts\/4736\/revisions"}],"predecessor-version":[{"id":4739,"href":"https:\/\/contraloriaestadoamazonas.gob.ve\/amz\/wp-json\/wp\/v2\/posts\/4736\/revisions\/4739"}],"wp:attachment":[{"href":"https:\/\/contraloriaestadoamazonas.gob.ve\/amz\/wp-json\/wp\/v2\/media?parent=4736"}],"wp:term":[{"taxonomy":"category","embeddable":true,"href":"https:\/\/contraloriaestadoamazonas.gob.ve\/amz\/wp-json\/wp\/v2\/categories?post=4736"},{"taxonomy":"post_tag","embeddable":true,"href":"https:\/\/contraloriaestadoamazonas.gob.ve\/amz\/wp-json\/wp\/v2\/tags?post=4736"}],"curies":[{"name":"wp","href":"https:\/\/api.w.org\/{rel}","templated":true}]}}