{"id":4742,"date":"2016-10-21T08:46:09","date_gmt":"2016-10-21T13:16:09","guid":{"rendered":"http:\/\/www.contraloriaestadoamazonas.gob.ve\/amz\/?p=4742"},"modified":"2016-10-21T08:49:44","modified_gmt":"2016-10-21T13:19:44","slug":"contraloria-del-estado-amazonas-y-defensoria-del-pueblo-dictaron-foro-sobre-derechos-humanos-y-control-social-de-la-administracion-publica","status":"publish","type":"post","link":"https:\/\/contraloriaestadoamazonas.gob.ve\/amz\/2016\/10\/contraloria-del-estado-amazonas-y-defensoria-del-pueblo-dictaron-foro-sobre-derechos-humanos-y-control-social-de-la-administracion-publica\/","title":{"rendered":"CONTRALOR\u00cdA DEL ESTADO AMAZONAS Y DEFENSOR\u00cdA DEL PUEBLO DICTARON FORO SOBRE DERECHOS HUMANOS Y CONTROL SOCIAL DE LA ADMINISTRACI\u00d3N P\u00daBLICA"},"content":{"rendered":"<p style=\"text-align: center;\"><span style=\"color: #000000;\"><strong>CONTRALOR\u00cdA DEL ESTADO AMAZONAS Y DEFENSOR\u00cdA DEL PUEBLO DICTARON FORO SOBRE DERECHOS HUMANOS Y CONTROL SOCIAL DE LA ADMINISTRACI\u00d3N P\u00daBLICA<\/strong><\/span><\/p>\n<p style=\"text-align: justify;\"><span style=\"color: #000000;\">Este jueves 20 de octubre, el Sal\u00f3n de Usos M\u00faltiples de la Contralor\u00eda Del Estado Amazonas, Dr. Clodosbaldo Russian, fue escenario del Foro sobre Derechos humanos, Control, revisi\u00f3n y examen de cuenta de la administraci\u00f3n p\u00fablica impartido por la Defensor\u00eda del Pueblo en Coordinaci\u00f3n con la Contralor\u00eda del Estado Amazonas.<\/span><\/p>\n<p style=\"text-align: justify;\"><span style=\"color: #000000;\">En el encuentro participaron, la Dra. Mar\u00eda Daniela Maldonado, (Defensora Delegada) y el Dr. Denny Hern\u00e1ndez por la Contralor\u00eda de la entidad amazonense.<\/span><\/p>\n<p style=\"text-align: justify;\"><span style=\"color: #000000;\">En primera instancia fue destacada por parte de la Defensor\u00eda del Pueblo, la uni\u00f3n y consolidaci\u00f3n de esfuerzos entre los organismos integrantes del Poder Moral y Ciudadano, haciendo \u00e9nfasis en la relaci\u00f3n entre los Derechos Humanos y el Control Social.<\/span><\/p>\n<p style=\"text-align: justify;\"><span style=\"color: #000000;\">En este sentido, se hizo referencia a la importancia de los valores para el fortalecimiento de la educaci\u00f3n anticorrupci\u00f3n destacando que, si un funcionario p\u00fablico no cumple su deber est\u00e1 afectando los derechos humanos del pueblo, se\u00f1alando as\u00ed la necesidad de velar por la buena gesti\u00f3n y la legalidad en el uso del Patrimonio P\u00fablico. Se inst\u00f3\u00a0 adem\u00e1s a denunciar ante las autoridades competentes cualquier actividad contraria al buen manejo de los fondos y del inter\u00e9s colectivo.<\/span><\/p>\n<p style=\"text-align: justify;\"><span style=\"color: #000000;\">Por su parte, la Contralor\u00eda del Estado Amazonas salud\u00f3 la iniciativa del Foro, destacando de manera especial la premisa de que todos somos contralores sin excusas ni exclusi\u00f3n, por lo que se insisti\u00f3 en la importancia del conocimiento que deben tener los ciudadanos sobre la normativa jur\u00eddica para ejercer la contralor\u00eda social.<\/span><\/p>\n<p style=\"text-align: justify;\"><span style=\"color: #000000;\">Bajo esta perspectiva, se procedi\u00f3 a explicar detalladamente los elementos que componen el Examen de Cuenta, as\u00ed como su objetivo principal, el cual consiste en comprobar la sinceridad y exactitud de las operaciones. El principio constitucional de Corresponsabilidad Social fue denominado como la base para la integraci\u00f3n ciudadana.<\/span><\/p>\n<p style=\"text-align: justify;\"><span style=\"color: #000000;\">Durante el conversatorio se record\u00f3 que la Contralor\u00eda del Estado est\u00e1 a la disposici\u00f3n del ciudadano para recibir y tramitar las denuncias correspondientes en casos de corrupci\u00f3n, indicando que deben presentarse elementos probatorios que puedan dar curso a la investigaci\u00f3n, la cual acarrea exclusivamente sanciones de tipo administrativas.<\/span><\/p>\n<p style=\"text-align: justify;\"><span style=\"color: #000000;\">Finalmente fueron atendidas las inquietudes, observaciones y reflexiones por parte de los asistentes, entre los que destacaron representantes de organismos municipales y estadales, as\u00ed como tambi\u00e9n defensores escolares y medios de comunicaci\u00f3n.<\/span><\/p>\n<p><em>\u00a0<\/em><\/p>\n<p style=\"text-align: center;\"><em>Es mejor prevenir y educar que sancionar a futuro<\/em><\/p>\n<p style=\"text-align: center;\"><em>Contraloras y Contralores Somos Todos<\/em><\/p>\n<p><em>\u00a0<\/em><\/p>\n<p><a href=\"http:\/\/www.contraloriaestadoamazonas.gob.ve\/amz\/wp-content\/uploads\/2016\/10\/DSC09862.jpg\"><img loading=\"lazy\" decoding=\"async\" class=\"size-medium wp-image-4741 aligncenter\" src=\"http:\/\/www.contraloriaestadoamazonas.gob.ve\/amz\/wp-content\/uploads\/2016\/10\/DSC09862-300x201.jpg\" alt=\"SONY DSC\" width=\"300\" height=\"201\" srcset=\"https:\/\/contraloriaestadoamazonas.gob.ve\/amz\/wp-content\/uploads\/2016\/10\/DSC09862-300x201.jpg 300w, https:\/\/contraloriaestadoamazonas.gob.ve\/amz\/wp-content\/uploads\/2016\/10\/DSC09862.jpg 640w\" sizes=\"auto, (max-width: 300px) 100vw, 300px\" \/><\/a><\/p>\n<p><a href=\"http:\/\/www.contraloriaestadoamazonas.gob.ve\/amz\/wp-content\/uploads\/2016\/10\/DSC09831.jpg\"><img loading=\"lazy\" decoding=\"async\" class=\"size-medium wp-image-4743 aligncenter\" src=\"http:\/\/www.contraloriaestadoamazonas.gob.ve\/amz\/wp-content\/uploads\/2016\/10\/DSC09831-300x201.jpg\" alt=\"SONY DSC\" width=\"300\" height=\"201\" srcset=\"https:\/\/contraloriaestadoamazonas.gob.ve\/amz\/wp-content\/uploads\/2016\/10\/DSC09831-300x201.jpg 300w, https:\/\/contraloriaestadoamazonas.gob.ve\/amz\/wp-content\/uploads\/2016\/10\/DSC09831.jpg 640w\" sizes=\"auto, (max-width: 300px) 100vw, 300px\" \/><\/a><\/p>\n<p><a href=\"http:\/\/www.contraloriaestadoamazonas.gob.ve\/amz\/wp-content\/uploads\/2016\/10\/COLLAGE-NOTA-DEFENSORIA.png\"><img loading=\"lazy\" decoding=\"async\" class=\" wp-image-4744 aligncenter\" src=\"http:\/\/www.contraloriaestadoamazonas.gob.ve\/amz\/wp-content\/uploads\/2016\/10\/COLLAGE-NOTA-DEFENSORIA-300x225.png\" alt=\"collage-nota-defensoria\" width=\"443\" height=\"332\" srcset=\"https:\/\/contraloriaestadoamazonas.gob.ve\/amz\/wp-content\/uploads\/2016\/10\/COLLAGE-NOTA-DEFENSORIA-300x225.png 300w, https:\/\/contraloriaestadoamazonas.gob.ve\/amz\/wp-content\/uploads\/2016\/10\/COLLAGE-NOTA-DEFENSORIA.png 640w\" sizes=\"auto, (max-width: 443px) 100vw, 443px\" \/><\/a><\/p>\n","protected":false},"excerpt":{"rendered":"<p>CONTRALOR\u00cdA DEL ESTADO AMAZONAS Y DEFENSOR\u00cdA DEL PUEBLO DICTARON FORO SOBRE DERECHOS HUMANOS Y CONTROL SOCIAL DE LA ADMINISTRACI\u00d3N P\u00daBLICA Este jueves 20 de octubre, el Sal\u00f3n de Usos M\u00faltiples de la Contralor\u00eda Del Estado Amazonas, Dr. Clodosbaldo Russian, fue &hellip; <a class=\"more-link\" href=\"https:\/\/contraloriaestadoamazonas.gob.ve\/amz\/2016\/10\/contraloria-del-estado-amazonas-y-defensoria-del-pueblo-dictaron-foro-sobre-derechos-humanos-y-control-social-de-la-administracion-publica\/\">Sigue leyendo <span class=\"meta-nav\">&rarr;<\/span><\/a><\/p>\n","protected":false},"author":11,"featured_media":0,"comment_status":"closed","ping_status":"closed","sticky":false,"template":"","format":"gallery","meta":{"footnotes":""},"categories":[55],"tags":[],"class_list":["post-4742","post","type-post","status-publish","format-gallery","hentry","category-noticias-cea","post_format-post-format-gallery"],"_links":{"self":[{"href":"https:\/\/contraloriaestadoamazonas.gob.ve\/amz\/wp-json\/wp\/v2\/posts\/4742","targetHints":{"allow":["GET"]}}],"collection":[{"href":"https:\/\/contraloriaestadoamazonas.gob.ve\/amz\/wp-json\/wp\/v2\/posts"}],"about":[{"href":"https:\/\/contraloriaestadoamazonas.gob.ve\/amz\/wp-json\/wp\/v2\/types\/post"}],"author":[{"embeddable":true,"href":"https:\/\/contraloriaestadoamazonas.gob.ve\/amz\/wp-json\/wp\/v2\/users\/11"}],"replies":[{"embeddable":true,"href":"https:\/\/contraloriaestadoamazonas.gob.ve\/amz\/wp-json\/wp\/v2\/comments?post=4742"}],"version-history":[{"count":2,"href":"https:\/\/contraloriaestadoamazonas.gob.ve\/amz\/wp-json\/wp\/v2\/posts\/4742\/revisions"}],"predecessor-version":[{"id":4746,"href":"https:\/\/contraloriaestadoamazonas.gob.ve\/amz\/wp-json\/wp\/v2\/posts\/4742\/revisions\/4746"}],"wp:attachment":[{"href":"https:\/\/contraloriaestadoamazonas.gob.ve\/amz\/wp-json\/wp\/v2\/media?parent=4742"}],"wp:term":[{"taxonomy":"category","embeddable":true,"href":"https:\/\/contraloriaestadoamazonas.gob.ve\/amz\/wp-json\/wp\/v2\/categories?post=4742"},{"taxonomy":"post_tag","embeddable":true,"href":"https:\/\/contraloriaestadoamazonas.gob.ve\/amz\/wp-json\/wp\/v2\/tags?post=4742"}],"curies":[{"name":"wp","href":"https:\/\/api.w.org\/{rel}","templated":true}]}}