{"id":4750,"date":"2016-11-11T09:29:07","date_gmt":"2016-11-11T13:59:07","guid":{"rendered":"http:\/\/www.contraloriaestadoamazonas.gob.ve\/amz\/?p=4750"},"modified":"2016-11-11T09:29:07","modified_gmt":"2016-11-11T13:59:07","slug":"oac-dio-inicio-al-ano-escolar-2016-2017-con-el-programa-la-contraloria-va-a-la-escuela","status":"publish","type":"post","link":"https:\/\/contraloriaestadoamazonas.gob.ve\/amz\/2016\/11\/oac-dio-inicio-al-ano-escolar-2016-2017-con-el-programa-la-contraloria-va-a-la-escuela\/","title":{"rendered":"OAC DIO INICIO AL A\u00d1O ESCOLAR 2016-2017 CON EL PROGRAMA \u201cLA CONTRALOR\u00cdA VA A LA ESCUELA\u201d"},"content":{"rendered":"<p><span style=\"color: #000000;\"><strong>En el marco del fortalecimiento del SNCF<br \/>\n<\/strong><\/span><\/p>\n<p style=\"text-align: center;\"><span style=\"color: #000000;\"><strong>OAC DIO INICIO AL A\u00d1O ESCOLAR 2016-2017 CON EL PROGRAMA \u201cLA CONTRALOR\u00cdA VA A LA ESCUELA\u201d<\/strong><\/span><\/p>\n<p style=\"text-align: justify;\"><span style=\"color: #000000;\">En el marco del fortalecimiento del<strong> Sistema Nacional de Control Fiscal (SNCF)<\/strong>, la <strong>Contralor\u00eda del Estado Amazonas<\/strong> (CEA), a trav\u00e9s de la <strong>Oficina de Atenci\u00f3n al Ciudadano<\/strong> (OAC) dio inicio al per\u00edodo del a\u00f1o escolar 2016-2017 con el Programa \u201cLa Contralor\u00eda va a la Escuela\u201d. En este sentido, siguiendo los lineamientos establecidos por la Contralor\u00eda General de la Rep\u00fablica y el Dr. Guillermo Forti, Contralor de la entidad, los funcionarios de la OAC visitaron las Unidades Educativas <strong>\u201cLos Raudales de Atures\u201d<\/strong>, <strong>\u201cF\u00e9lix Solano\u201d<\/strong> \u00a0y la <strong>E.B.B. \u201cLibertador\u201d. <\/strong><\/span><\/p>\n<p style=\"text-align: justify;\"><span style=\"color: #000000;\">Los talleres de Contralor\u00eda Escolar fueron dirigidos a ni\u00f1os de 4to, 5to y 6to grado de educaci\u00f3n b\u00e1sica. El contenido desarrollado estuvo orientado a la explicaci\u00f3n y descripci\u00f3n de las funciones de los contralores escolares y el perfil acad\u00e9mico, \u00e9tico y moral de los postulados para optar a dicho cargo.<\/span><\/p>\n<p style=\"text-align: justify;\"><span style=\"color: #000000;\">De la misma forma, los funcionarios establecieron contacto con docentes enlaces en las instituciones con la finalidad de brindar orientaci\u00f3n y acompa\u00f1amiento a los estudiantes durante el proceso de postulaci\u00f3n y elecci\u00f3n. Es importante destacar que, tambi\u00e9n fueron convocados, el personal docente, administrativo y obrero de los planteles para que participen durante los comicios que contar\u00e1n adem\u00e1s con el apoyo t\u00e9cnico (cotillones electorales) del Consejo Nacional Electoral. Las elecciones ser\u00e1n llevadas a cabo en los pr\u00f3ximos d\u00edas y se realizar\u00e1 posteriormente el proceso de juramentaci\u00f3n oficial.<\/span><\/p>\n<p style=\"text-align: center;\"><span style=\"color: #000000;\"><em>Mejor prevenir y educar que sancionar a futuro<\/em><\/span><\/p>\n<p style=\"text-align: center;\"><span style=\"color: #000000;\"><em>Contraloras y Contralores somos todos<\/em><\/span><\/p>\n<p style=\"text-align: center;\"><a href=\"http:\/\/www.contraloriaestadoamazonas.gob.ve\/amz\/wp-content\/uploads\/2016\/11\/Collage-Encuentros-Contraloria-Escolar.png\"><img loading=\"lazy\" decoding=\"async\" class=\"alignnone  wp-image-4751\" src=\"http:\/\/www.contraloriaestadoamazonas.gob.ve\/amz\/wp-content\/uploads\/2016\/11\/Collage-Encuentros-Contraloria-Escolar-300x225.png\" alt=\"collage-encuentros-contraloria-escolar\" width=\"346\" height=\"259\" srcset=\"https:\/\/contraloriaestadoamazonas.gob.ve\/amz\/wp-content\/uploads\/2016\/11\/Collage-Encuentros-Contraloria-Escolar-300x225.png 300w, https:\/\/contraloriaestadoamazonas.gob.ve\/amz\/wp-content\/uploads\/2016\/11\/Collage-Encuentros-Contraloria-Escolar.png 640w\" sizes=\"auto, (max-width: 346px) 100vw, 346px\" \/><\/a><\/p>\n","protected":false},"excerpt":{"rendered":"<p>En el marco del fortalecimiento del SNCF OAC DIO INICIO AL A\u00d1O ESCOLAR 2016-2017 CON EL PROGRAMA \u201cLA CONTRALOR\u00cdA VA A LA ESCUELA\u201d En el marco del fortalecimiento del Sistema Nacional de Control Fiscal (SNCF), la Contralor\u00eda del Estado Amazonas &hellip; <a class=\"more-link\" href=\"https:\/\/contraloriaestadoamazonas.gob.ve\/amz\/2016\/11\/oac-dio-inicio-al-ano-escolar-2016-2017-con-el-programa-la-contraloria-va-a-la-escuela\/\">Sigue leyendo <span class=\"meta-nav\">&rarr;<\/span><\/a><\/p>\n","protected":false},"author":11,"featured_media":0,"comment_status":"closed","ping_status":"closed","sticky":false,"template":"","format":"gallery","meta":{"footnotes":""},"categories":[55],"tags":[],"class_list":["post-4750","post","type-post","status-publish","format-gallery","hentry","category-noticias-cea","post_format-post-format-gallery"],"_links":{"self":[{"href":"https:\/\/contraloriaestadoamazonas.gob.ve\/amz\/wp-json\/wp\/v2\/posts\/4750","targetHints":{"allow":["GET"]}}],"collection":[{"href":"https:\/\/contraloriaestadoamazonas.gob.ve\/amz\/wp-json\/wp\/v2\/posts"}],"about":[{"href":"https:\/\/contraloriaestadoamazonas.gob.ve\/amz\/wp-json\/wp\/v2\/types\/post"}],"author":[{"embeddable":true,"href":"https:\/\/contraloriaestadoamazonas.gob.ve\/amz\/wp-json\/wp\/v2\/users\/11"}],"replies":[{"embeddable":true,"href":"https:\/\/contraloriaestadoamazonas.gob.ve\/amz\/wp-json\/wp\/v2\/comments?post=4750"}],"version-history":[{"count":1,"href":"https:\/\/contraloriaestadoamazonas.gob.ve\/amz\/wp-json\/wp\/v2\/posts\/4750\/revisions"}],"predecessor-version":[{"id":4752,"href":"https:\/\/contraloriaestadoamazonas.gob.ve\/amz\/wp-json\/wp\/v2\/posts\/4750\/revisions\/4752"}],"wp:attachment":[{"href":"https:\/\/contraloriaestadoamazonas.gob.ve\/amz\/wp-json\/wp\/v2\/media?parent=4750"}],"wp:term":[{"taxonomy":"category","embeddable":true,"href":"https:\/\/contraloriaestadoamazonas.gob.ve\/amz\/wp-json\/wp\/v2\/categories?post=4750"},{"taxonomy":"post_tag","embeddable":true,"href":"https:\/\/contraloriaestadoamazonas.gob.ve\/amz\/wp-json\/wp\/v2\/tags?post=4750"}],"curies":[{"name":"wp","href":"https:\/\/api.w.org\/{rel}","templated":true}]}}