{"id":4754,"date":"2016-11-22T01:58:38","date_gmt":"2016-11-22T06:28:38","guid":{"rendered":"http:\/\/www.contraloriaestadoamazonas.gob.ve\/amz\/?p=4754"},"modified":"2016-11-22T01:58:38","modified_gmt":"2016-11-22T06:28:38","slug":"periodistas-del-sncf-se-reunen-para-afianzar-el-plan-estrategico-2016-2021","status":"publish","type":"post","link":"https:\/\/contraloriaestadoamazonas.gob.ve\/amz\/2016\/11\/periodistas-del-sncf-se-reunen-para-afianzar-el-plan-estrategico-2016-2021\/","title":{"rendered":"Periodistas del SNCF se re\u00fanen para afianzar el Plan Estrat\u00e9gico 2016-2021"},"content":{"rendered":"<p style=\"text-align: justify;\"><em><span style=\"color: #000000;\">\u201cS\u00ed tenemos comunicaci\u00f3n a lo interno, todo funciona de manera m\u00e1s objetiva. Porque toda parte positiva se convierte en formaci\u00f3n\u201d, indic\u00f3 el contralor general<\/span><\/em><\/p>\n<p style=\"text-align: justify;\"><strong><a href=\"http:\/\/www.contraloriaestadoamazonas.gob.ve\/amz\/wp-content\/uploads\/2016\/11\/Equipos-comunicacionales-CGR-M-A.jpg\"><img loading=\"lazy\" decoding=\"async\" class=\"aligncenter size-medium wp-image-4758\" src=\"http:\/\/www.contraloriaestadoamazonas.gob.ve\/amz\/wp-content\/uploads\/2016\/11\/Equipos-comunicacionales-CGR-M-A-300x180.jpg\" alt=\"equipos-comunicacionales-cgr-m-a\" width=\"300\" height=\"180\" srcset=\"https:\/\/contraloriaestadoamazonas.gob.ve\/amz\/wp-content\/uploads\/2016\/11\/Equipos-comunicacionales-CGR-M-A-300x180.jpg 300w, https:\/\/contraloriaestadoamazonas.gob.ve\/amz\/wp-content\/uploads\/2016\/11\/Equipos-comunicacionales-CGR-M-A-768x461.jpg 768w, https:\/\/contraloriaestadoamazonas.gob.ve\/amz\/wp-content\/uploads\/2016\/11\/Equipos-comunicacionales-CGR-M-A.jpg 900w\" sizes=\"auto, (max-width: 300px) 100vw, 300px\" \/><\/a><\/strong><span style=\"color: #000000;\"> \u201cCon el apoyo de los comunicadores sociales de las contralor\u00edas estadales y municipales fortalecemos el Plan Estrat\u00e9gico del Sistema Nacional de Control Fiscal (PESNCF) 2016-2021, porque son ellos los que tienen la informaci\u00f3n\u201d, se\u00f1al\u00f3 el contralor general de la Rep\u00fablica Bolivariana de Venezuela, Dr. Manuel Enrique Galindo Ballesteros, durante un encuentro realizado con contralor\u00edas de estados y contralor\u00edas municipales.<\/span><!--more--><!--more--><\/p>\n<p style=\"text-align: justify;\"><span style=\"color: #000000;\"><strong><a href=\"http:\/\/www.contraloriaestadoamazonas.gob.ve\/amz\/wp-content\/uploads\/2016\/11\/Charla-Comunicacional-M-A.jpg\"><img loading=\"lazy\" decoding=\"async\" class=\"aligncenter size-medium wp-image-4757\" src=\"http:\/\/www.contraloriaestadoamazonas.gob.ve\/amz\/wp-content\/uploads\/2016\/11\/Charla-Comunicacional-M-A-300x202.jpg\" alt=\"charla-comunicacional-m-a\" width=\"300\" height=\"202\" srcset=\"https:\/\/contraloriaestadoamazonas.gob.ve\/amz\/wp-content\/uploads\/2016\/11\/Charla-Comunicacional-M-A-300x202.jpg 300w, https:\/\/contraloriaestadoamazonas.gob.ve\/amz\/wp-content\/uploads\/2016\/11\/Charla-Comunicacional-M-A-768x518.jpg 768w, https:\/\/contraloriaestadoamazonas.gob.ve\/amz\/wp-content\/uploads\/2016\/11\/Charla-Comunicacional-M-A.jpg 900w\" sizes=\"auto, (max-width: 300px) 100vw, 300px\" \/><\/a><\/strong>De igual manera, destac\u00f3 que la comunicaci\u00f3n estrat\u00e9gica, permanente y fortalecida es fundamental para consolidar este plan, y principalmente para apoyar la institucionalidad y la democracia, objetivo principal de la Contralor\u00eda General de la Rep\u00fablica (CGR) como \u00f3rgano integrante del Poder Ciudadano. Adem\u00e1s, enfatiz\u00f3 que el fin es dar a conocer en todo el pa\u00eds la misi\u00f3n, la visi\u00f3n y las funciones de la CGR, y \u201cla forma m\u00e1s viable de lograrlo fue mediante el PESNF 2016-2021\u201d, el cual llev\u00f3 m\u00e1s de un a\u00f1o dise\u00f1ar. \u201cTodo el colectivo debe tener conocimiento de la misi\u00f3n, la visi\u00f3n, los principios y los valores que caracterizan a la CGR\u201d, reiter\u00f3 el contralor.<\/span><\/p>\n<p style=\"text-align: justify;\"><span style=\"color: #000000;\">El Plan Estrat\u00e9gico del Sistema Nacional de Control Fiscal (PESNCF) 2016-2021 fue aprobado en resoluci\u00f3n<\/span><\/p>\n<p style=\"text-align: justify;\"><span style=\"color: #000000;\">N.\u00b0 01-00-000420, de fecha 5 de septiembre de 2016, por el contralor general de la Rep\u00fablica, Dr. Manuel E. Galindo B., y oficializado en Gaceta Oficial N.\u00b0 40.938, de fecha 7 de septiembre de 2016. Consta de cinco objetivos estrat\u00e9gicos: Fortalecimiento de la rector\u00eda del Sistema Nacional de Control Fiscal, Fortalecimiento del poder que administra, Fortalecimiento del poder que controla, Fortalecimiento del poder popular, y Afianzamiento de la imagen institucional del Sistema Nacional de Control Fiscal ante la opini\u00f3n p\u00fablica nacional e internacional. Para lograrlos, primero se requiere consolidar la comunicaci\u00f3n interna entre las contralor\u00edas estadales y municipales, a fin de fortalecer la comunicaci\u00f3n externa en el \u00e1mbito internacional. \u201cLos \u00f3rganos y entes sometidos a la CGR deben abocarse a principios del 2017 a la divulgaci\u00f3n y ejecuci\u00f3n de este Plan\u201d, indic\u00f3 el Dr. Galindo.<\/span><\/p>\n","protected":false},"excerpt":{"rendered":"<p>\u201cS\u00ed tenemos comunicaci\u00f3n a lo interno, todo funciona de manera m\u00e1s objetiva. Porque toda parte positiva se convierte en formaci\u00f3n\u201d, indic\u00f3 el contralor general \u201cCon el apoyo de los comunicadores sociales de las contralor\u00edas estadales y municipales fortalecemos el Plan &hellip; <a class=\"more-link\" href=\"https:\/\/contraloriaestadoamazonas.gob.ve\/amz\/2016\/11\/periodistas-del-sncf-se-reunen-para-afianzar-el-plan-estrategico-2016-2021\/\">Sigue leyendo <span class=\"meta-nav\">&rarr;<\/span><\/a><\/p>\n","protected":false},"author":10,"featured_media":0,"comment_status":"closed","ping_status":"closed","sticky":false,"template":"","format":"standard","meta":{"footnotes":""},"categories":[54],"tags":[],"class_list":["post-4754","post","type-post","status-publish","format-standard","hentry","category-noticias-cgr"],"_links":{"self":[{"href":"https:\/\/contraloriaestadoamazonas.gob.ve\/amz\/wp-json\/wp\/v2\/posts\/4754","targetHints":{"allow":["GET"]}}],"collection":[{"href":"https:\/\/contraloriaestadoamazonas.gob.ve\/amz\/wp-json\/wp\/v2\/posts"}],"about":[{"href":"https:\/\/contraloriaestadoamazonas.gob.ve\/amz\/wp-json\/wp\/v2\/types\/post"}],"author":[{"embeddable":true,"href":"https:\/\/contraloriaestadoamazonas.gob.ve\/amz\/wp-json\/wp\/v2\/users\/10"}],"replies":[{"embeddable":true,"href":"https:\/\/contraloriaestadoamazonas.gob.ve\/amz\/wp-json\/wp\/v2\/comments?post=4754"}],"version-history":[{"count":4,"href":"https:\/\/contraloriaestadoamazonas.gob.ve\/amz\/wp-json\/wp\/v2\/posts\/4754\/revisions"}],"predecessor-version":[{"id":4760,"href":"https:\/\/contraloriaestadoamazonas.gob.ve\/amz\/wp-json\/wp\/v2\/posts\/4754\/revisions\/4760"}],"wp:attachment":[{"href":"https:\/\/contraloriaestadoamazonas.gob.ve\/amz\/wp-json\/wp\/v2\/media?parent=4754"}],"wp:term":[{"taxonomy":"category","embeddable":true,"href":"https:\/\/contraloriaestadoamazonas.gob.ve\/amz\/wp-json\/wp\/v2\/categories?post=4754"},{"taxonomy":"post_tag","embeddable":true,"href":"https:\/\/contraloriaestadoamazonas.gob.ve\/amz\/wp-json\/wp\/v2\/tags?post=4754"}],"curies":[{"name":"wp","href":"https:\/\/api.w.org\/{rel}","templated":true}]}}