{"id":4780,"date":"2016-12-07T14:38:41","date_gmt":"2016-12-07T19:08:41","guid":{"rendered":"http:\/\/www.contraloriaestadoamazonas.gob.ve\/amz\/?p=4780"},"modified":"2017-01-19T12:29:17","modified_gmt":"2017-01-19T16:59:17","slug":"contralor-del-estado-juramento-a-nuevos-contralores-escolares-para-el-periodo-2016-2017","status":"publish","type":"post","link":"https:\/\/contraloriaestadoamazonas.gob.ve\/amz\/2016\/12\/contralor-del-estado-juramento-a-nuevos-contralores-escolares-para-el-periodo-2016-2017\/","title":{"rendered":"CONTRALOR DEL ESTADO JURAMENT\u00d3 A NUEVOS CONTRALORES ESCOLARES PARA EL PER\u00cdODO 2016-2017"},"content":{"rendered":"<p style=\"text-align: center;\"><span style=\"color: #000000;\"><strong>CONTRALOR DEL ESTADO JURAMENT\u00d3 A NUEVOS CONTRALORES ESCOLARES PARA EL PER\u00cdODO 2016-2017<\/strong><\/span><\/p>\n<p style=\"text-align: justify;\"><span style=\"color: #000000;\">Este martes 06 de diciembre en el Sal\u00f3n de Usos M\u00faltiples, Dr. Clodosbaldo Russian de la Contralor\u00eda del Estado Amazonas, el Contralor (P), Guillermo Forti jurament\u00f3 a ni\u00f1os y ni\u00f1as como contralores escolares para el per\u00edodo 2016-2017.<\/span><\/p>\n<p style=\"text-align: justify;\"><span style=\"color: #000000;\">En el marco del programa <strong>\u00abLa Contralor\u00eda Va a la Escuela\u00bb<\/strong> desarrollado por la <strong>Oficina de Atenci\u00f3n al Ciudadano<\/strong> (OAC), estudiantes de 4to, 5to y 6to grado de educaci\u00f3n b\u00e1sica de las <strong>U.E. Cacique Aramare, Libertador, Raudales de Atures, F\u00e9lix Solano, Sim\u00f3n Rodr\u00edguez, R\u00f3mulo Betancourt y las Manacas<\/strong>, recibieron sus respectivos certificados y bandas que los acreditan como los responsables de vigilar y supervisar el uso adecuado de los recursos destinados a su instituciones. La jornada dio inicio con las palabras a cargo de la m\u00e1xima autoridad del organismo, el Dr. Guillermo Forti, quien agradeci\u00f3 el respaldo que las instituciones educativas han dado al programa. Del mismo modo, destac\u00f3 la importancia del papel de los docentes como responsables de la formaci\u00f3n y capacitaci\u00f3n de los ni\u00f1os y ni\u00f1as.<\/span><\/p>\n<p><a href=\"http:\/\/www.contraloriaestadoamazonas.gob.ve\/amz\/wp-content\/uploads\/2016\/12\/DSC01048.jpg\"><img loading=\"lazy\" decoding=\"async\" class=\"size-medium wp-image-4783 aligncenter\" src=\"http:\/\/www.contraloriaestadoamazonas.gob.ve\/amz\/wp-content\/uploads\/2016\/12\/DSC01048-300x201.jpg\" alt=\"SONY DSC\" width=\"300\" height=\"201\" srcset=\"https:\/\/contraloriaestadoamazonas.gob.ve\/amz\/wp-content\/uploads\/2016\/12\/DSC01048-300x201.jpg 300w, https:\/\/contraloriaestadoamazonas.gob.ve\/amz\/wp-content\/uploads\/2016\/12\/DSC01048.jpg 448w\" sizes=\"auto, (max-width: 300px) 100vw, 300px\" \/><\/a><\/p>\n<p style=\"text-align: justify;\"><span style=\"color: #000000;\">En este sentido, el Contralor record\u00f3 los principios de corresponsabilidad y trabajo en equipo para el logro de los objetivos contemplados en el Sistema Nacional de Control Fiscal y el Plan de la Patria. Bajo esta perspectiva se\u00f1al\u00f3 que el presente y futuro de la naci\u00f3n yace en la generaci\u00f3n de hoy, la que se forma bajo los valores de respeto, \u00e9tica y responsabilidad social. As\u00ed pues recalc\u00f3 la pertinencia y vigencia de las palabras del Contralor General Manuel Galindo, \u201cEs mejor prevenir y educar que sancionar a futuro\u201d.<\/span><\/p>\n<p style=\"text-align: justify;\"><span style=\"color: #000000;\"><a style=\"color: #000000;\" href=\"http:\/\/www.contraloriaestadoamazonas.gob.ve\/amz\/wp-content\/uploads\/2016\/12\/Collage-bandas.png\"><img loading=\"lazy\" decoding=\"async\" class=\"size-medium wp-image-4781 aligncenter\" src=\"http:\/\/www.contraloriaestadoamazonas.gob.ve\/amz\/wp-content\/uploads\/2016\/12\/Collage-bandas-300x225.png\" alt=\"collage-bandas\" width=\"300\" height=\"225\" srcset=\"https:\/\/contraloriaestadoamazonas.gob.ve\/amz\/wp-content\/uploads\/2016\/12\/Collage-bandas-300x225.png 300w, https:\/\/contraloriaestadoamazonas.gob.ve\/amz\/wp-content\/uploads\/2016\/12\/Collage-bandas.png 640w\" sizes=\"auto, (max-width: 300px) 100vw, 300px\" \/><\/a><\/span><\/p>\n<p><a href=\"http:\/\/www.contraloriaestadoamazonas.gob.ve\/amz\/wp-content\/uploads\/2016\/12\/DSC01090.jpg\"><img loading=\"lazy\" decoding=\"async\" class=\"wp-image-4782 aligncenter\" src=\"http:\/\/www.contraloriaestadoamazonas.gob.ve\/amz\/wp-content\/uploads\/2016\/12\/DSC01090-300x180.jpg\" alt=\"SONY DSC\" width=\"323\" height=\"194\" srcset=\"https:\/\/contraloriaestadoamazonas.gob.ve\/amz\/wp-content\/uploads\/2016\/12\/DSC01090-300x180.jpg 300w, https:\/\/contraloriaestadoamazonas.gob.ve\/amz\/wp-content\/uploads\/2016\/12\/DSC01090.jpg 448w\" sizes=\"auto, (max-width: 323px) 100vw, 323px\" \/><\/a><\/p>\n<p style=\"text-align: justify;\"><span style=\"color: #000000;\">Durante la jornada se hicieron presentes manifestaciones culturales a cargo de los estudiantes. El grupo de parranderos de la E.B.B Libertador fue el encargado de amenizar la ma\u00f1ana con interpretaciones de aguinaldos propios de la \u00e9poca, de igual forma, el sentir venezolano se vio representado por las gloriosas notas del Himno Nacional y la danza folkl\u00f3rica del joropo.<\/span><\/p>\n<p><a href=\"http:\/\/www.contraloriaestadoamazonas.gob.ve\/amz\/wp-content\/uploads\/2016\/12\/DSC01033-1.jpg\"><img loading=\"lazy\" decoding=\"async\" class=\"size-medium wp-image-4785 aligncenter\" src=\"http:\/\/www.contraloriaestadoamazonas.gob.ve\/amz\/wp-content\/uploads\/2016\/12\/DSC01033-1-300x201.jpg\" alt=\"SONY DSC\" width=\"300\" height=\"201\" srcset=\"https:\/\/contraloriaestadoamazonas.gob.ve\/amz\/wp-content\/uploads\/2016\/12\/DSC01033-1-300x201.jpg 300w, https:\/\/contraloriaestadoamazonas.gob.ve\/amz\/wp-content\/uploads\/2016\/12\/DSC01033-1.jpg 448w\" sizes=\"auto, (max-width: 300px) 100vw, 300px\" \/><\/a><\/p>\n<p><a href=\"http:\/\/www.contraloriaestadoamazonas.gob.ve\/amz\/wp-content\/uploads\/2016\/12\/DSC01096.jpg\"><img loading=\"lazy\" decoding=\"async\" class=\"size-medium wp-image-4786 aligncenter\" src=\"http:\/\/www.contraloriaestadoamazonas.gob.ve\/amz\/wp-content\/uploads\/2016\/12\/DSC01096-300x201.jpg\" alt=\"SONY DSC\" width=\"300\" height=\"201\" srcset=\"https:\/\/contraloriaestadoamazonas.gob.ve\/amz\/wp-content\/uploads\/2016\/12\/DSC01096-300x201.jpg 300w, https:\/\/contraloriaestadoamazonas.gob.ve\/amz\/wp-content\/uploads\/2016\/12\/DSC01096.jpg 448w\" sizes=\"auto, (max-width: 300px) 100vw, 300px\" \/><\/a><\/p>\n<p><a href=\"http:\/\/www.contraloriaestadoamazonas.gob.ve\/amz\/wp-content\/uploads\/2016\/12\/DSC01093.jpg\"><img loading=\"lazy\" decoding=\"async\" class=\"size-medium wp-image-4788 aligncenter\" src=\"http:\/\/www.contraloriaestadoamazonas.gob.ve\/amz\/wp-content\/uploads\/2016\/12\/DSC01093-300x201.jpg\" alt=\"SONY DSC\" width=\"300\" height=\"201\" srcset=\"https:\/\/contraloriaestadoamazonas.gob.ve\/amz\/wp-content\/uploads\/2016\/12\/DSC01093-300x201.jpg 300w, https:\/\/contraloriaestadoamazonas.gob.ve\/amz\/wp-content\/uploads\/2016\/12\/DSC01093.jpg 448w\" sizes=\"auto, (max-width: 300px) 100vw, 300px\" \/><\/a><\/p>\n<p style=\"text-align: justify;\"><span style=\"color: #000000;\"><strong>Sentido de pertenencia y trabajo en equipo \u00a0<\/strong><\/span><\/p>\n<p style=\"text-align: justify;\"><span style=\"color: #000000;\">Mar\u00eda Jos\u00e9 Acosta, Contralora Escolar de la U.E. F\u00e9lix Solano expres\u00f3 su satisfacci\u00f3n por haber sido electa: \u201cEstoy muy contenta porque voy a poder ayudar a mis compa\u00f1eros a cuidar los bienes de nuestra instituci\u00f3n\u201d.<\/span><\/p>\n<p><a href=\"http:\/\/www.contraloriaestadoamazonas.gob.ve\/amz\/wp-content\/uploads\/2016\/12\/DSC01106.jpg\"><img loading=\"lazy\" decoding=\"async\" class=\"size-medium wp-image-4789\" src=\"http:\/\/www.contraloriaestadoamazonas.gob.ve\/amz\/wp-content\/uploads\/2016\/12\/DSC01106-300x231.jpg\" alt=\"SONY DSC\" width=\"300\" height=\"231\" srcset=\"https:\/\/contraloriaestadoamazonas.gob.ve\/amz\/wp-content\/uploads\/2016\/12\/DSC01106-300x231.jpg 300w, https:\/\/contraloriaestadoamazonas.gob.ve\/amz\/wp-content\/uploads\/2016\/12\/DSC01106.jpg 390w\" sizes=\"auto, (max-width: 300px) 100vw, 300px\" \/><\/a><\/p>\n<p style=\"text-align: justify;\"><span style=\"color: #000000;\">Rocke Jordan, de la U.E. Sim\u00f3n Rodr\u00edguez manifest\u00f3 su entusiasmo por desarrollar la funci\u00f3n contralora: \u201cEs un aprendizaje muy importante e implica una gran responsabilidad. Estoy emocionado por el trabajo que voy a hacer\u201d.<\/span><\/p>\n<p><a href=\"http:\/\/www.contraloriaestadoamazonas.gob.ve\/amz\/wp-content\/uploads\/2016\/12\/DSC01108.jpg\"><img loading=\"lazy\" decoding=\"async\" class=\"size-medium wp-image-4790\" src=\"http:\/\/www.contraloriaestadoamazonas.gob.ve\/amz\/wp-content\/uploads\/2016\/12\/DSC01108-300x201.jpg\" alt=\"SONY DSC\" width=\"300\" height=\"201\" srcset=\"https:\/\/contraloriaestadoamazonas.gob.ve\/amz\/wp-content\/uploads\/2016\/12\/DSC01108-300x201.jpg 300w, https:\/\/contraloriaestadoamazonas.gob.ve\/amz\/wp-content\/uploads\/2016\/12\/DSC01108.jpg 448w\" sizes=\"auto, (max-width: 300px) 100vw, 300px\" \/><\/a><\/p>\n<p style=\"text-align: justify;\"><span style=\"color: #000000;\">Yvania Pe\u00f1a, de la U.E. Las Manacas fue reelecta como Contralora Escolar para el nuevo per\u00edodo y se\u00f1al\u00f3 \u201cSer Contralora es una tarea muy bonita pero tambi\u00e9n exige tener mucho conocimiento para poder guiar a nuestros compa\u00f1eros\u201d.<\/span><\/p>\n<p><a href=\"http:\/\/www.contraloriaestadoamazonas.gob.ve\/amz\/wp-content\/uploads\/2016\/12\/DSC01061.jpg\"><img loading=\"lazy\" decoding=\"async\" class=\"size-medium wp-image-4794\" src=\"http:\/\/www.contraloriaestadoamazonas.gob.ve\/amz\/wp-content\/uploads\/2016\/12\/DSC01061-216x300.jpg\" alt=\"SONY DSC\" width=\"216\" height=\"300\" \/><\/a><\/p>\n<p style=\"text-align: justify;\"><span style=\"color: #000000;\">Una vez culminada la etapa de formaci\u00f3n, elecci\u00f3n y juramentaci\u00f3n, cada uno de los ni\u00f1os y ni\u00f1as electos y electas pueden iniciar a ejecutar sus funciones, con apoyo de los docentes y el acompa\u00f1amiento permanente de la OAC.<\/span><\/p>\n<p style=\"text-align: center;\"><span style=\"color: #000000;\"><em>Mejor prevenir y educar que sancionar a futuro<\/em><\/span><\/p>\n<p style=\"text-align: center;\"><span style=\"color: #000000;\"><em>Contraloras y Contralores Somos Todos<\/em><\/span><\/p>\n<p style=\"text-align: center;\"><span style=\"color: #000000;\"><em>\u00a0<\/em><\/span><\/p>\n<p>&nbsp;<\/p>\n","protected":false},"excerpt":{"rendered":"<p>CONTRALOR DEL ESTADO JURAMENT\u00d3 A NUEVOS CONTRALORES ESCOLARES PARA EL PER\u00cdODO 2016-2017 Este martes 06 de diciembre en el Sal\u00f3n de Usos M\u00faltiples, Dr. Clodosbaldo Russian de la Contralor\u00eda del Estado Amazonas, el Contralor (P), Guillermo Forti jurament\u00f3 a ni\u00f1os &hellip; <a class=\"more-link\" href=\"https:\/\/contraloriaestadoamazonas.gob.ve\/amz\/2016\/12\/contralor-del-estado-juramento-a-nuevos-contralores-escolares-para-el-periodo-2016-2017\/\">Sigue leyendo <span class=\"meta-nav\">&rarr;<\/span><\/a><\/p>\n","protected":false},"author":11,"featured_media":0,"comment_status":"closed","ping_status":"closed","sticky":false,"template":"","format":"gallery","meta":{"footnotes":""},"categories":[55],"tags":[],"class_list":["post-4780","post","type-post","status-publish","format-gallery","hentry","category-noticias-cea","post_format-post-format-gallery"],"_links":{"self":[{"href":"https:\/\/contraloriaestadoamazonas.gob.ve\/amz\/wp-json\/wp\/v2\/posts\/4780","targetHints":{"allow":["GET"]}}],"collection":[{"href":"https:\/\/contraloriaestadoamazonas.gob.ve\/amz\/wp-json\/wp\/v2\/posts"}],"about":[{"href":"https:\/\/contraloriaestadoamazonas.gob.ve\/amz\/wp-json\/wp\/v2\/types\/post"}],"author":[{"embeddable":true,"href":"https:\/\/contraloriaestadoamazonas.gob.ve\/amz\/wp-json\/wp\/v2\/users\/11"}],"replies":[{"embeddable":true,"href":"https:\/\/contraloriaestadoamazonas.gob.ve\/amz\/wp-json\/wp\/v2\/comments?post=4780"}],"version-history":[{"count":6,"href":"https:\/\/contraloriaestadoamazonas.gob.ve\/amz\/wp-json\/wp\/v2\/posts\/4780\/revisions"}],"predecessor-version":[{"id":4830,"href":"https:\/\/contraloriaestadoamazonas.gob.ve\/amz\/wp-json\/wp\/v2\/posts\/4780\/revisions\/4830"}],"wp:attachment":[{"href":"https:\/\/contraloriaestadoamazonas.gob.ve\/amz\/wp-json\/wp\/v2\/media?parent=4780"}],"wp:term":[{"taxonomy":"category","embeddable":true,"href":"https:\/\/contraloriaestadoamazonas.gob.ve\/amz\/wp-json\/wp\/v2\/categories?post=4780"},{"taxonomy":"post_tag","embeddable":true,"href":"https:\/\/contraloriaestadoamazonas.gob.ve\/amz\/wp-json\/wp\/v2\/tags?post=4780"}],"curies":[{"name":"wp","href":"https:\/\/api.w.org\/{rel}","templated":true}]}}