{"id":4799,"date":"2016-12-11T22:29:37","date_gmt":"2016-12-12T02:59:37","guid":{"rendered":"http:\/\/www.contraloriaestadoamazonas.gob.ve\/amz\/?p=4799"},"modified":"2016-12-11T22:30:51","modified_gmt":"2016-12-12T03:00:51","slug":"la-contraloria-del-estado-bolivariano-de-miranda-celebro-su-54-aniversario","status":"publish","type":"post","link":"https:\/\/contraloriaestadoamazonas.gob.ve\/amz\/2016\/12\/la-contraloria-del-estado-bolivariano-de-miranda-celebro-su-54-aniversario\/","title":{"rendered":"La Contralor\u00eda del Estado Bolivariano de Miranda celebr\u00f3 su 54\u00b0 aniversario"},"content":{"rendered":"<p style=\"text-align: justify;\"><a href=\"http:\/\/www.contraloriaestadoamazonas.gob.ve\/amz\/wp-content\/uploads\/2016\/12\/CEBM.jpg\"><img loading=\"lazy\" decoding=\"async\" class=\"aligncenter size-medium wp-image-4800\" src=\"http:\/\/www.contraloriaestadoamazonas.gob.ve\/amz\/wp-content\/uploads\/2016\/12\/CEBM-300x266.jpg\" alt=\"cebm\" width=\"300\" height=\"266\" srcset=\"https:\/\/contraloriaestadoamazonas.gob.ve\/amz\/wp-content\/uploads\/2016\/12\/CEBM-300x266.jpg 300w, https:\/\/contraloriaestadoamazonas.gob.ve\/amz\/wp-content\/uploads\/2016\/12\/CEBM-768x681.jpg 768w, https:\/\/contraloriaestadoamazonas.gob.ve\/amz\/wp-content\/uploads\/2016\/12\/CEBM.jpg 866w\" sizes=\"auto, (max-width: 300px) 100vw, 300px\" \/><\/a>En el auditorio del Instituto Venezolano de Investigaciones Cient\u00edficas<\/p>\n<p style=\"text-align: justify;\"><strong>La Contralor\u00eda del Estado Bolivariano de Miranda celebr\u00f3 su 54\u00b0 aniversario<\/strong><\/p>\n<ul style=\"text-align: justify;\">\n<li>Se hizo entrega de la Orden al M\u00e9rito \u201cClodosbaldo Russi\u00e1n\u201d, en su primera clase, a la m\u00e1xima autoridad del \u00d3rgano rector de Control Fiscal, Dr. Manuel Galindo Ballesteros<\/li>\n<\/ul>\n<p style=\"text-align: justify;\">La Contralor\u00eda del Estado Bolivariano de Miranda (CEBM) celebr\u00f3 su quincuag\u00e9simo cuarto aniversario en compa\u00f1\u00eda del contralor general de la Rep\u00fablica Bolivariana de Venezuela, Dr. Manuel Galindo Ballesteros, la contralora de la entidad, Johannas Hern\u00e1ndez, y sus servidoras y servidores p\u00fablicos, quienes todos estos a\u00f1os han trabajado con \u00e9tica y probidad, apegado a los valores y principios morales, consolidando la acci\u00f3n fiscalizadora con calidad y profesionalismo.<!--more--><!--more--><\/p>\n<p style=\"text-align: justify;\">Luego de la misa oficiada por el padre Jorge Oscar Sanoja, la contralora de la CEBM, Johannas Hern\u00e1ndez, agradeci\u00f3 a todo su equipo por la labor cumplida en el logro de las metas. Agreg\u00f3: \u201cHemos alcanzado muchos objetivos. Todo ha sido posible gracias a la gesti\u00f3n por parte de todas las direcciones de apoyo de nuestra contralor\u00eda, porque sin la coordinaci\u00f3n de sus esfuerzos hubiera sido imposible cumplirlos. Esperamos que en este pr\u00f3ximo a\u00f1o 2017, sigamos formando ciudadanas y ciudadanos ejemplares en la lucha contra la corrupci\u00f3n\u201d.<\/p>\n<p style=\"text-align: justify;\">Por su parte, la m\u00e1xima autoridad de la CGR y el tambi\u00e9n presidente del Consejo Moral Republicano, Dr. Manuel Galindo Ballesteros, agradeci\u00f3 la invitaci\u00f3n al 54\u00b0 aniversario de la CEBM y felicit\u00f3 a la contralora, a los condecorados y abotonados, as\u00ed como al personal de todos los niveles, obreras y obreros de la instituci\u00f3n. \u201cAgradezco el apoyo incondicional para el fortalecimiento del Plan Estrat\u00e9gico del Sistema Nacional de Control Fiscal, sistema que fortalece mediante una acci\u00f3n coordinada la capacidad del Estado en la lucha contra la corrupci\u00f3n\u201d, indic\u00f3.<\/p>\n<p style=\"text-align: justify;\">Asimismo, el contralor instruy\u00f3 a las contraloras y contralores de\u00a0 estados\u00a0 y\u00a0 municipios\u00a0 a\u00a0 no\u00a0 activar\u00a0 la\u00a0 ejecuci\u00f3n\u00a0 del\u00a0 plan estrat\u00e9gico antes se\u00f1alado sin contar con el lineamiento directo de\u00a0 la\u00a0 Contralor\u00eda\u00a0 General\u00a0 de\u00a0 la\u00a0 Rep\u00fablica,\u00a0 pues\u00a0 se\u00a0 estar\u00edan\u00a0 apartando de su rector\u00eda.<\/p>\n<p style=\"text-align: justify;\">En otro orden ideas, analizando el contexto pol\u00edtico del pa\u00eds, el Dr. Galindo, resalt\u00f3 que por encima de la Constituci\u00f3n de la Rep\u00fablica Bolivariana de Venezuela no existe una supraconstituci\u00f3n. \u201cNada existe por encima de la Constituci\u00f3n. El Poder Legislativo, por \u00f3rgano de la Asamblea Nacional, se apart\u00f3 de forma reiterada del mandato jurisdiccional emanado de la Sala Constitucional del Tribunal Supremo de Justicia. En consecuencia, perdi\u00f3 la legitimidad que pudo haber tenido en alg\u00fan momento en la historia pol\u00edtica venezolana\u201d, sostuvo, y como presidente del Poder Ciudadano reiter\u00f3: \u201cEl Consejo Moral Republicano no se prestar\u00e1 y no ser\u00e1 part\u00edcipe de las pretensiones del Poder Legislativo, por \u00f3rgano de la Asamblea Nacional. Por ello, el Poder Ciudadano no postul\u00f3, ni postular\u00e1 persona alguna para la designaci\u00f3n de los rectores del Consejo Nacional Electoral. Ese desacato, sin duda alguna genera responsabilidades administrativas, penales e individuales. Adem\u00e1s, exhorto al Ministerio P\u00fablico, integrante del CMR, para que haga lo propio conforme a lo ordenado por el Poder Judicial\u201d.<\/p>\n<p style=\"text-align: justify;\">A la actividad, realizada en el auditorio del Instituto Venezolano de Investigaciones Cient\u00edficas (IVIC), acudieron la contralora del estado Vargas, Celestina Parra; el contralor del estado Gu\u00e1rico, Luis Rom\u00e1n; la contralora del estado Anzo\u00e1tegui, Yalile Parra y el contralor del municipio Sim\u00f3n Bol\u00edvar de la entidad mirandina, \u00c1ngel Heredia. La oportunidad fue propicia para otorgar reconocimientos a servidores p\u00fablicos por 5, 10, 20 y 25 a\u00f1os de servicios en la instituci\u00f3n, siendo condecorados como un incentivo con el objetivo de enaltecer la labor que desempe\u00f1an. Finalmente se hizo entrega de la Orden al M\u00e9rito \u201cClodosbaldo Russi\u00e1n\u201d, en su primera clase, a la m\u00e1xima autoridad del \u00d3rgano rector de Control Fiscal, Dr. Manuel Galindo Ballesteros.<\/p>\n","protected":false},"excerpt":{"rendered":"<p>En el auditorio del Instituto Venezolano de Investigaciones Cient\u00edficas La Contralor\u00eda del Estado Bolivariano de Miranda celebr\u00f3 su 54\u00b0 aniversario Se hizo entrega de la Orden al M\u00e9rito \u201cClodosbaldo Russi\u00e1n\u201d, en su primera clase, a la m\u00e1xima autoridad del \u00d3rgano &hellip; <a class=\"more-link\" href=\"https:\/\/contraloriaestadoamazonas.gob.ve\/amz\/2016\/12\/la-contraloria-del-estado-bolivariano-de-miranda-celebro-su-54-aniversario\/\">Sigue leyendo <span class=\"meta-nav\">&rarr;<\/span><\/a><\/p>\n","protected":false},"author":10,"featured_media":0,"comment_status":"closed","ping_status":"closed","sticky":false,"template":"","format":"standard","meta":{"footnotes":""},"categories":[54],"tags":[],"class_list":["post-4799","post","type-post","status-publish","format-standard","hentry","category-noticias-cgr"],"_links":{"self":[{"href":"https:\/\/contraloriaestadoamazonas.gob.ve\/amz\/wp-json\/wp\/v2\/posts\/4799","targetHints":{"allow":["GET"]}}],"collection":[{"href":"https:\/\/contraloriaestadoamazonas.gob.ve\/amz\/wp-json\/wp\/v2\/posts"}],"about":[{"href":"https:\/\/contraloriaestadoamazonas.gob.ve\/amz\/wp-json\/wp\/v2\/types\/post"}],"author":[{"embeddable":true,"href":"https:\/\/contraloriaestadoamazonas.gob.ve\/amz\/wp-json\/wp\/v2\/users\/10"}],"replies":[{"embeddable":true,"href":"https:\/\/contraloriaestadoamazonas.gob.ve\/amz\/wp-json\/wp\/v2\/comments?post=4799"}],"version-history":[{"count":3,"href":"https:\/\/contraloriaestadoamazonas.gob.ve\/amz\/wp-json\/wp\/v2\/posts\/4799\/revisions"}],"predecessor-version":[{"id":4803,"href":"https:\/\/contraloriaestadoamazonas.gob.ve\/amz\/wp-json\/wp\/v2\/posts\/4799\/revisions\/4803"}],"wp:attachment":[{"href":"https:\/\/contraloriaestadoamazonas.gob.ve\/amz\/wp-json\/wp\/v2\/media?parent=4799"}],"wp:term":[{"taxonomy":"category","embeddable":true,"href":"https:\/\/contraloriaestadoamazonas.gob.ve\/amz\/wp-json\/wp\/v2\/categories?post=4799"},{"taxonomy":"post_tag","embeddable":true,"href":"https:\/\/contraloriaestadoamazonas.gob.ve\/amz\/wp-json\/wp\/v2\/tags?post=4799"}],"curies":[{"name":"wp","href":"https:\/\/api.w.org\/{rel}","templated":true}]}}