{"id":4805,"date":"2016-12-12T09:14:40","date_gmt":"2016-12-12T13:44:40","guid":{"rendered":"http:\/\/www.contraloriaestadoamazonas.gob.ve\/amz\/?p=4805"},"modified":"2016-12-12T09:27:45","modified_gmt":"2016-12-12T13:57:45","slug":"contralor-del-estado-amazonas-juramento-a-contralores-indigenas-de-la-region","status":"publish","type":"post","link":"https:\/\/contraloriaestadoamazonas.gob.ve\/amz\/2016\/12\/contralor-del-estado-amazonas-juramento-a-contralores-indigenas-de-la-region\/","title":{"rendered":"CONTRALOR DEL ESTADO AMAZONAS JURAMENT\u00d3 A CONTRALORES IND\u00cdGENAS DE LA REGI\u00d3N"},"content":{"rendered":"<p style=\"text-align: center;\"><span style=\"color: #000000;\"><strong>CONTRALOR DEL ESTADO AMAZONAS JURAMENT\u00d3 A CONTRALORES IND\u00cdGENAS DE LA REGI\u00d3N<\/strong><\/span><\/p>\n<p style=\"text-align: justify;\"><span style=\"color: #000000;\">Este jueves 08 de diciembre, el Contralor del estado Guillermo Forti presidi\u00f3 el acto de juramentaci\u00f3n de las Contraloras y los Contralores ind\u00edgenas de la entidad. La actividad se llev\u00f3 a cabo en el Sal\u00f3n de Usos M\u00faltiples Dr. Clodosbaldo Russian de la Contralor\u00eda del estado Amazonas y cont\u00f3 con la participaci\u00f3n de representantes de las comunidades de <strong>La Fortaleza, San Antonio de Rueda, Rueda, Puente de Paria y Cejalito<\/strong>, quienes recibieron los certificados y bandas que los acreditan para el ejercicio de sus funciones.<\/span><\/p>\n<p style=\"text-align: justify;\"><a href=\"http:\/\/www.contraloriaestadoamazonas.gob.ve\/amz\/wp-content\/uploads\/2016\/12\/Collage-bandas-contraloria-indigena.png\"><img loading=\"lazy\" decoding=\"async\" class=\"size-medium wp-image-4806 aligncenter\" src=\"http:\/\/www.contraloriaestadoamazonas.gob.ve\/amz\/wp-content\/uploads\/2016\/12\/Collage-bandas-contraloria-indigena-300x225.png\" alt=\"collage-bandas-contraloria-indigena\" width=\"300\" height=\"225\" srcset=\"https:\/\/contraloriaestadoamazonas.gob.ve\/amz\/wp-content\/uploads\/2016\/12\/Collage-bandas-contraloria-indigena-300x225.png 300w, https:\/\/contraloriaestadoamazonas.gob.ve\/amz\/wp-content\/uploads\/2016\/12\/Collage-bandas-contraloria-indigena.png 640w\" sizes=\"auto, (max-width: 300px) 100vw, 300px\" \/><\/a><\/p>\n<p style=\"text-align: justify;\"><span style=\"color: #000000;\">El Contralor del estado Guillermo Forti inici\u00f3 la ceremonia con palabras de reconocimiento a los nuevos contralores ind\u00edgenas, destacando la proyecci\u00f3n y relevancia que tiene el programa impulsado por la Contralor\u00eda del estado Amazonas y que tiene por objetivo la preservaci\u00f3n y conservaci\u00f3n \u00a0del ambiente. \u00a0\u201cLos que estamos aqu\u00ed tenemos plena consciencia de lo que representa este programa no s\u00f3lo para nuestro estado sino tambi\u00e9n para el mundo (\u2026) Es necesario que se conozca lo que juntos estamos construyendo, en Amazonas est\u00e1 la esperanza, el ox\u00edgeno y la vida de nuestros pueblos\u201d.<\/span><\/p>\n<p><a href=\"http:\/\/www.contraloriaestadoamazonas.gob.ve\/amz\/wp-content\/uploads\/2016\/12\/DSC01142.jpg\"><img loading=\"lazy\" decoding=\"async\" class=\"size-medium wp-image-4807 aligncenter\" src=\"http:\/\/www.contraloriaestadoamazonas.gob.ve\/amz\/wp-content\/uploads\/2016\/12\/DSC01142-300x201.jpg\" alt=\"SONY DSC\" width=\"300\" height=\"201\" srcset=\"https:\/\/contraloriaestadoamazonas.gob.ve\/amz\/wp-content\/uploads\/2016\/12\/DSC01142-300x201.jpg 300w, https:\/\/contraloriaestadoamazonas.gob.ve\/amz\/wp-content\/uploads\/2016\/12\/DSC01142.jpg 448w\" sizes=\"auto, (max-width: 300px) 100vw, 300px\" \/><\/a><\/p>\n<p style=\"text-align: justify;\"><span style=\"color: #000000;\">Adem\u00e1s de ello, respald\u00f3 la necesidad de que esta iniciativa llegue a los dem\u00e1s municipios de la entidad amazonense, al tiempo que record\u00f3 los principios fundamentales de la funci\u00f3n contralora: Transparencia, disciplina, responsabilidad, \u00e9tica y competencia en el ejercicio p\u00fablico. En este sentido, indic\u00f3 que la base del buen trabajo reside en la rendici\u00f3n de cuenta y el seguimiento que se realice al programa, entendiendo que las contraloras y los contralores ind\u00edgenas \u201cdeben ser garantes de la protecci\u00f3n de los recursos naturales del estado\u201d, promoviendo as\u00ed el control ambiental y rescatando los valores contemplados en el Plan de la Patria y fortaleciendo los propios del Sistema Nacional de Control Fiscal.<\/span><\/p>\n<p><strong>Hablan los protagonistas<\/strong><\/p>\n<p style=\"text-align: justify;\"><span style=\"color: #000000;\">Iraly Rodr\u00edguez, Contralora ind\u00edgena electa en la Comunidad de \u201cRueda\u201d agradeci\u00f3 la oportunidad y el respaldo que se le da a las comunidades con el desarrollo del programa \u201cContralor\u00eda Ind\u00edgena\u201d: \u201cEs un trabajo hermoso, hoy m\u00e1s que nunca sentimos el compromiso de trabajar por nuestros pueblos (\u2026). Es necesario entender la importancia que tiene el cuidado de los espacios naturales y la defensa de la tierra\u201d.<\/span><\/p>\n<p><a href=\"http:\/\/www.contraloriaestadoamazonas.gob.ve\/amz\/wp-content\/uploads\/2016\/12\/DSC01201.jpg\"><img loading=\"lazy\" decoding=\"async\" class=\"size-medium wp-image-4808 alignleft\" src=\"http:\/\/www.contraloriaestadoamazonas.gob.ve\/amz\/wp-content\/uploads\/2016\/12\/DSC01201-300x201.jpg\" alt=\"SONY DSC\" width=\"300\" height=\"201\" srcset=\"https:\/\/contraloriaestadoamazonas.gob.ve\/amz\/wp-content\/uploads\/2016\/12\/DSC01201-300x201.jpg 300w, https:\/\/contraloriaestadoamazonas.gob.ve\/amz\/wp-content\/uploads\/2016\/12\/DSC01201.jpg 448w\" sizes=\"auto, (max-width: 300px) 100vw, 300px\" \/><\/a><\/p>\n<p style=\"text-align: justify;\"><span style=\"color: #000000;\">\u00a0<\/span><\/p>\n<p>&nbsp;<\/p>\n<p>&nbsp;<\/p>\n<p>&nbsp;<\/p>\n<p>&nbsp;<\/p>\n<p style=\"text-align: justify;\"><span style=\"color: #000000;\">Antonio P\u00f3nare, Contralor ind\u00edgena de la comunidad \u201cLa Fortaleza\u201d comparti\u00f3 an\u00e9cdotas del trabajo realizado en su comunidad y expres\u00f3 que existe el entusiasmo por el trabajo en equipo y la responsabilidad como representantes de los pueblos ind\u00edgenas de la regi\u00f3n.<\/span><\/p>\n<p><a href=\"http:\/\/www.contraloriaestadoamazonas.gob.ve\/amz\/wp-content\/uploads\/2016\/12\/DSC01206.jpg\"><img loading=\"lazy\" decoding=\"async\" class=\"size-medium wp-image-4809\" src=\"http:\/\/www.contraloriaestadoamazonas.gob.ve\/amz\/wp-content\/uploads\/2016\/12\/DSC01206-300x201.jpg\" alt=\"SONY DSC\" width=\"300\" height=\"201\" srcset=\"https:\/\/contraloriaestadoamazonas.gob.ve\/amz\/wp-content\/uploads\/2016\/12\/DSC01206-300x201.jpg 300w, https:\/\/contraloriaestadoamazonas.gob.ve\/amz\/wp-content\/uploads\/2016\/12\/DSC01206.jpg 448w\" sizes=\"auto, (max-width: 300px) 100vw, 300px\" \/><\/a><\/p>\n<p>&nbsp;<\/p>\n<p>&nbsp;<\/p>\n<p><a href=\"http:\/\/www.contraloriaestadoamazonas.gob.ve\/amz\/wp-content\/uploads\/2016\/12\/DSC01189.jpg\"><img loading=\"lazy\" decoding=\"async\" class=\"wp-image-4810 aligncenter\" src=\"http:\/\/www.contraloriaestadoamazonas.gob.ve\/amz\/wp-content\/uploads\/2016\/12\/DSC01189-300x201.jpg\" alt=\"SONY DSC\" width=\"327\" height=\"219\" srcset=\"https:\/\/contraloriaestadoamazonas.gob.ve\/amz\/wp-content\/uploads\/2016\/12\/DSC01189-300x201.jpg 300w, https:\/\/contraloriaestadoamazonas.gob.ve\/amz\/wp-content\/uploads\/2016\/12\/DSC01189.jpg 448w\" sizes=\"auto, (max-width: 327px) 100vw, 327px\" \/><\/a><\/p>\n<p><a href=\"http:\/\/www.contraloriaestadoamazonas.gob.ve\/amz\/wp-content\/uploads\/2016\/12\/DSC01196.jpg\"><img loading=\"lazy\" decoding=\"async\" class=\"wp-image-4811 aligncenter\" src=\"http:\/\/www.contraloriaestadoamazonas.gob.ve\/amz\/wp-content\/uploads\/2016\/12\/DSC01196-300x189.jpg\" alt=\"SONY DSC\" width=\"327\" height=\"206\" srcset=\"https:\/\/contraloriaestadoamazonas.gob.ve\/amz\/wp-content\/uploads\/2016\/12\/DSC01196-300x189.jpg 300w, https:\/\/contraloriaestadoamazonas.gob.ve\/amz\/wp-content\/uploads\/2016\/12\/DSC01196.jpg 448w\" sizes=\"auto, (max-width: 327px) 100vw, 327px\" \/><\/a><\/p>\n<p style=\"text-align: center;\"><em>Mejor prevenir y educar que sancionar a futuro<\/em><\/p>\n<p style=\"text-align: center;\"><em>Contraloras y Contralores somos todos<\/em><\/p>\n<p><span style=\"border-radius: 2px; text-indent: 20px; width: auto; padding: 0px 4px 0px 0px; text-align: center; font: bold 11px\/20px 'Helvetica Neue',Helvetica,sans-serif; color: #ffffff; background: #bd081c no-repeat scroll 3px 50% \/ 14px 14px; position: absolute; opacity: 1; z-index: 8675309; display: none; cursor: pointer; top: 2011px; left: 207px;\">Guardar<\/span><\/p>\n<p><span style=\"border-radius: 2px; text-indent: 20px; width: auto; padding: 0px 4px 0px 0px; text-align: center; font: bold 11px\/20px 'Helvetica Neue',Helvetica,sans-serif; color: #ffffff; background: #bd081c no-repeat scroll 3px 50% \/ 14px 14px; position: absolute; opacity: 1; z-index: 8675309; display: none; cursor: pointer; top: 1735px; left: 207px;\">Guardar<\/span><\/p>\n<p><span style=\"border-radius: 2px; text-indent: 20px; width: auto; padding: 0px 4px 0px 0px; text-align: center; font: bold 11px\/20px 'Helvetica Neue',Helvetica,sans-serif; color: #ffffff; background: #bd081c no-repeat scroll 3px 50% \/ 14px 14px; position: absolute; opacity: 1; z-index: 8675309; display: none; cursor: pointer; top: 1290px; left: 334px;\">Guardar<\/span><\/p>\n<p><span style=\"border-radius: 2px; text-indent: 20px; width: auto; padding: 0px 4px 0px 0px; text-align: center; font: bold 11px\/20px 'Helvetica Neue',Helvetica,sans-serif; color: #ffffff; background: #bd081c no-repeat scroll 3px 50% \/ 14px 14px; position: absolute; opacity: 1; z-index: 8675309; display: none; cursor: pointer; top: 1290px; left: 334px;\">Guardar<\/span><\/p>\n<p><span style=\"border-radius: 2px; text-indent: 20px; width: auto; padding: 0px 4px 0px 0px; text-align: center; font: bold 11px\/20px 'Helvetica Neue',Helvetica,sans-serif; color: #ffffff; background: #bd081c  no-repeat scroll 3px 50% \/ 14px 14px; position: absolute; opacity: 1; z-index: 8675309; display: none; cursor: pointer; top: 1290px; left: 334px;\">Guardar<\/span><\/p>\n","protected":false},"excerpt":{"rendered":"<p>CONTRALOR DEL ESTADO AMAZONAS JURAMENT\u00d3 A CONTRALORES IND\u00cdGENAS DE LA REGI\u00d3N Este jueves 08 de diciembre, el Contralor del estado Guillermo Forti presidi\u00f3 el acto de juramentaci\u00f3n de las Contraloras y los Contralores ind\u00edgenas de la entidad. La actividad se &hellip; <a class=\"more-link\" href=\"https:\/\/contraloriaestadoamazonas.gob.ve\/amz\/2016\/12\/contralor-del-estado-amazonas-juramento-a-contralores-indigenas-de-la-region\/\">Sigue leyendo <span class=\"meta-nav\">&rarr;<\/span><\/a><\/p>\n","protected":false},"author":11,"featured_media":0,"comment_status":"closed","ping_status":"closed","sticky":false,"template":"","format":"gallery","meta":{"footnotes":""},"categories":[55],"tags":[],"class_list":["post-4805","post","type-post","status-publish","format-gallery","hentry","category-noticias-cea","post_format-post-format-gallery"],"_links":{"self":[{"href":"https:\/\/contraloriaestadoamazonas.gob.ve\/amz\/wp-json\/wp\/v2\/posts\/4805","targetHints":{"allow":["GET"]}}],"collection":[{"href":"https:\/\/contraloriaestadoamazonas.gob.ve\/amz\/wp-json\/wp\/v2\/posts"}],"about":[{"href":"https:\/\/contraloriaestadoamazonas.gob.ve\/amz\/wp-json\/wp\/v2\/types\/post"}],"author":[{"embeddable":true,"href":"https:\/\/contraloriaestadoamazonas.gob.ve\/amz\/wp-json\/wp\/v2\/users\/11"}],"replies":[{"embeddable":true,"href":"https:\/\/contraloriaestadoamazonas.gob.ve\/amz\/wp-json\/wp\/v2\/comments?post=4805"}],"version-history":[{"count":7,"href":"https:\/\/contraloriaestadoamazonas.gob.ve\/amz\/wp-json\/wp\/v2\/posts\/4805\/revisions"}],"predecessor-version":[{"id":4818,"href":"https:\/\/contraloriaestadoamazonas.gob.ve\/amz\/wp-json\/wp\/v2\/posts\/4805\/revisions\/4818"}],"wp:attachment":[{"href":"https:\/\/contraloriaestadoamazonas.gob.ve\/amz\/wp-json\/wp\/v2\/media?parent=4805"}],"wp:term":[{"taxonomy":"category","embeddable":true,"href":"https:\/\/contraloriaestadoamazonas.gob.ve\/amz\/wp-json\/wp\/v2\/categories?post=4805"},{"taxonomy":"post_tag","embeddable":true,"href":"https:\/\/contraloriaestadoamazonas.gob.ve\/amz\/wp-json\/wp\/v2\/tags?post=4805"}],"curies":[{"name":"wp","href":"https:\/\/api.w.org\/{rel}","templated":true}]}}