{"id":5024,"date":"2017-05-11T12:51:49","date_gmt":"2017-05-11T17:21:49","guid":{"rendered":"http:\/\/www.contraloriaestadoamazonas.gob.ve\/amz\/?p=5024"},"modified":"2017-05-11T12:51:49","modified_gmt":"2017-05-11T17:21:49","slug":"cgr-orientara-a-los-pueblos-indigenas-en-materia-de-politicas-publicas","status":"publish","type":"post","link":"https:\/\/contraloriaestadoamazonas.gob.ve\/amz\/2017\/05\/cgr-orientara-a-los-pueblos-indigenas-en-materia-de-politicas-publicas\/","title":{"rendered":"CGR orientar\u00e1 a los pueblos ind\u00edgenas en materia de pol\u00edticas p\u00fablicas"},"content":{"rendered":"<p>Por primera vez, a fin de promover la formaci\u00f3n anticorrupci\u00f3n<\/p>\n<p style=\"text-align: left;\"><strong>CGR orientar\u00e1 a los pueblos ind\u00edgenas en materia de pol\u00edticas p\u00fablicas<\/strong><\/p>\n<p style=\"text-align: justify;\">El contralor general de la Rep\u00fablica Bolivariana de Venezuela, Dr. Manuel Galindo Ballesteros, realiz\u00f3 el anuncio a prop\u00f3sito del 47\u00b0 aniversario de Cofae<\/p>\n<p style=\"text-align: justify;\">La educaci\u00f3n es la esencia del Instituto de Altos Estudios de Control Fiscal y Auditor\u00eda de Estado fundaci\u00f3n \u201cGumersindo Torres\u201d Cofae de la Contralor\u00eda General de la Rep\u00fablica y en honor a esa loable misi\u00f3n, el contralor general, Dr. Manuel Galindo Ballesteros, anunci\u00f3 la creaci\u00f3n de alianzas con el Ministerio del Poder Popular para los Pueblos Ind\u00edgenas con la firme intenci\u00f3n de promover, por primera vez en la historia del M\u00e1ximo \u00d3rgano de Control Fiscal, la formaci\u00f3n sobre planificaci\u00f3n en pol\u00edticas p\u00fablicas y control fiscal a los pueblos ind\u00edgenas.<\/p>\n<p style=\"text-align: justify;\">Durante la conferencia \u201cInterculturalidad y Saberes Ancestrales\u201d con motivo del 47\u00b0 aniversario de Cofae, el titular del \u00d3rgano Contralor, se\u00f1al\u00f3: \u201cMe qued\u00e9 impresionado como los pueblos ind\u00edgenas han progresado en materia de educaci\u00f3n y legislativa, desde la consolidaci\u00f3n de la Constituci\u00f3n de la Rep\u00fablica Bolivariana de Venezuela. Ahora, con estas alianzas estrat\u00e9gicas e interinstitucionales recibir\u00e1n de la Contralor\u00eda formaci\u00f3n anticorrupci\u00f3n\u201d.<\/p>\n<p style=\"text-align: justify;\">La presidenta de Cofae, Lisset Guill\u00e9n Rivas, agradeci\u00f3 el apoyo por parte de la CGR y del MPP para los Pueblos Ind\u00edgenas, especialmente en este per\u00edodo de celebraci\u00f3n de sus 47 a\u00f1os de instituida. \u201cEs importante apoyar esa valiosa parte de nuestra ra\u00edz, debemos apreciar esa cultura de los pueblos ancestrales. Respaldemos este proceso porque gracias a la Constituci\u00f3n de la Rep\u00fablica tienen voz y voto\u201d.<\/p>\n<p style=\"text-align: justify;\">El director general de formaci\u00f3n y educaci\u00f3n interculturalidad y biling\u00fce del ministerio para los Pueblos Ind\u00edgenas, Rafael Aray, recalc\u00f3 durante su ponencia los logros que gracias a la Constituci\u00f3n de la Rep\u00fablica Bolivariana de Venezuela han alcanzado los pueblos ind\u00edgenas, especialmente en materia educativa: \u201cSalud, desarrollo \u00e9tnico, promover las pr\u00e1cticas econ\u00f3micas, garant\u00eda de participaci\u00f3n pol\u00edtica y la firme incorporaci\u00f3n al Estado venezolano, son parte de los alcances que hemos logrado gracias a esa propuesta educativa para los pueblos ind\u00edgenas nacida hace 37 a\u00f1os, conocida como \u201cR\u00e9gimen de Educaci\u00f3n Intercultural Bilingue, y la cual con la Constituci\u00f3n de la Rep\u00fablica alcanz\u00f3 rango constitucional en 1999. Hoy ese reconocimiento sigue m\u00e1s fuerte y vigente\u201d.<\/p>\n<p style=\"text-align: justify;\"><a href=\"http:\/\/www.contraloriaestadoamazonas.gob.ve\/amz\/wp-content\/uploads\/2017\/05\/10-05-2017-FOTONOTA-boletin-CGR-orientar\u00e1-a-los-pueblos-ind\u00edgenas-en-materia-de-pol\u00edticas-p\u00fablicas-10.05.2017.jpg\"><img loading=\"lazy\" decoding=\"async\" class=\"size-medium wp-image-5025 aligncenter\" src=\"http:\/\/www.contraloriaestadoamazonas.gob.ve\/amz\/wp-content\/uploads\/2017\/05\/10-05-2017-FOTONOTA-boletin-CGR-orientar\u00e1-a-los-pueblos-ind\u00edgenas-en-materia-de-pol\u00edticas-p\u00fablicas-10.05.2017-300x98.jpg\" alt=\"\" width=\"300\" height=\"98\" srcset=\"https:\/\/contraloriaestadoamazonas.gob.ve\/amz\/wp-content\/uploads\/2017\/05\/10-05-2017-FOTONOTA-boletin-CGR-orientar\u00e1-a-los-pueblos-ind\u00edgenas-en-materia-de-pol\u00edticas-p\u00fablicas-10.05.2017-300x98.jpg 300w, https:\/\/contraloriaestadoamazonas.gob.ve\/amz\/wp-content\/uploads\/2017\/05\/10-05-2017-FOTONOTA-boletin-CGR-orientar\u00e1-a-los-pueblos-ind\u00edgenas-en-materia-de-pol\u00edticas-p\u00fablicas-10.05.2017.jpg 640w\" sizes=\"auto, (max-width: 300px) 100vw, 300px\" \/><\/a><\/p>\n","protected":false},"excerpt":{"rendered":"<p>Por primera vez, a fin de promover la formaci\u00f3n anticorrupci\u00f3n CGR orientar\u00e1 a los pueblos ind\u00edgenas en materia de pol\u00edticas p\u00fablicas El contralor general de la Rep\u00fablica Bolivariana de Venezuela, Dr. Manuel Galindo Ballesteros, realiz\u00f3 el anuncio a prop\u00f3sito del &hellip; <a class=\"more-link\" href=\"https:\/\/contraloriaestadoamazonas.gob.ve\/amz\/2017\/05\/cgr-orientara-a-los-pueblos-indigenas-en-materia-de-politicas-publicas\/\">Sigue leyendo <span class=\"meta-nav\">&rarr;<\/span><\/a><\/p>\n","protected":false},"author":11,"featured_media":0,"comment_status":"closed","ping_status":"closed","sticky":false,"template":"","format":"gallery","meta":{"footnotes":""},"categories":[54],"tags":[],"class_list":["post-5024","post","type-post","status-publish","format-gallery","hentry","category-noticias-cgr","post_format-post-format-gallery"],"_links":{"self":[{"href":"https:\/\/contraloriaestadoamazonas.gob.ve\/amz\/wp-json\/wp\/v2\/posts\/5024","targetHints":{"allow":["GET"]}}],"collection":[{"href":"https:\/\/contraloriaestadoamazonas.gob.ve\/amz\/wp-json\/wp\/v2\/posts"}],"about":[{"href":"https:\/\/contraloriaestadoamazonas.gob.ve\/amz\/wp-json\/wp\/v2\/types\/post"}],"author":[{"embeddable":true,"href":"https:\/\/contraloriaestadoamazonas.gob.ve\/amz\/wp-json\/wp\/v2\/users\/11"}],"replies":[{"embeddable":true,"href":"https:\/\/contraloriaestadoamazonas.gob.ve\/amz\/wp-json\/wp\/v2\/comments?post=5024"}],"version-history":[{"count":1,"href":"https:\/\/contraloriaestadoamazonas.gob.ve\/amz\/wp-json\/wp\/v2\/posts\/5024\/revisions"}],"predecessor-version":[{"id":5026,"href":"https:\/\/contraloriaestadoamazonas.gob.ve\/amz\/wp-json\/wp\/v2\/posts\/5024\/revisions\/5026"}],"wp:attachment":[{"href":"https:\/\/contraloriaestadoamazonas.gob.ve\/amz\/wp-json\/wp\/v2\/media?parent=5024"}],"wp:term":[{"taxonomy":"category","embeddable":true,"href":"https:\/\/contraloriaestadoamazonas.gob.ve\/amz\/wp-json\/wp\/v2\/categories?post=5024"},{"taxonomy":"post_tag","embeddable":true,"href":"https:\/\/contraloriaestadoamazonas.gob.ve\/amz\/wp-json\/wp\/v2\/tags?post=5024"}],"curies":[{"name":"wp","href":"https:\/\/api.w.org\/{rel}","templated":true}]}}