{"id":5034,"date":"2021-09-22T09:31:28","date_gmt":"2021-09-22T14:01:28","guid":{"rendered":"http:\/\/www.contraloriaestadoamazonas.gob.ve\/amz\/?p=5034"},"modified":"2021-09-22T09:31:28","modified_gmt":"2021-09-22T14:01:28","slug":"el-contralor-del-estado-amazonas-anuncia-prorroga-en-el-proceso-de-actualizacion-de-la-declaracion-jurada-de-patrimonio","status":"publish","type":"post","link":"https:\/\/contraloriaestadoamazonas.gob.ve\/amz\/2021\/09\/el-contralor-del-estado-amazonas-anuncia-prorroga-en-el-proceso-de-actualizacion-de-la-declaracion-jurada-de-patrimonio\/","title":{"rendered":"El Contralor del estado Amazonas anuncia prorroga en el proceso   de Actualizaci\u00f3n de la Declaraci\u00f3n Jurada de Patrimonio"},"content":{"rendered":"<p style=\"text-align: center;\"><span style=\"color: #000000;\"><strong>El Contralor del estado Amazonas anuncia prorroga en el proceso de Actualizaci\u00f3n de la Declaraci\u00f3n Jurada de Patrimonio<\/strong><\/span><\/p>\n<p><span style=\"color: #000000;\">En base a las declaraciones de Elvis Amoroso, Contralor General de la Rep\u00fablica y Presidente del Consejo Moral Republicano, el Contralor del estado Amazonas Dr. Cesar Sanguinetti, anunci\u00f3 que el lapso para la actualizaci\u00f3n de la Declaraci\u00f3n Jurada de Patrimonio se extender\u00e1 hasta el 31 de agosto de este a\u00f1o.<\/span><\/p>\n<p><span style=\"color: #000000;\">Motivo por el cual el Contralor del estado Amazonas Dr. Cesar Sanguinetti hace un llamado a los funcionarios p\u00fablicos de alto nivel y de confianza nacionales, estadales, municipales\u00a0 y de la Fuerza Armada Nacional Bolivariana que aun no han declarado, a cumplir con este deber establecido en la Gaceta N\u00b040.905 de fecha 17\/05\/2016; en tal sentido inform\u00f3\u00a0 que\u00a0 \u201ceste proceso\u00a0 se realiza en formato electr\u00f3nico a trav\u00e9s de la p\u00e1gina web www.cgr.gob.ve, utilizando el navegador Mozilla Firefox;\u00a0 desde la Oficina de Atenci\u00f3n al Ciudadano estamos a la orden para aclarar cualquier duda y dar las orientaciones pertinentes al caso\u201d.<\/span><\/p>\n<p><span style=\"color: #000000;\">Destac\u00f3 que hasta el 31 de julio en este Ente de Control Fiscal hemos atendido un total de 304 funcionarios y se han realizado 7 jornadas de asesor\u00edas y orientaciones en instituciones de la regi\u00f3n: Zona Operativa de Defensa Integral Amazonas ZODI N\u00b063, Superintendencia de Administraci\u00f3n Tributaria del estado Amazonas, Servicio Aut\u00f3nomo de Registros y Notarias (SAREN), Servicio Nacional de Medicina y Ciencias Forenses, Ministerio P\u00fablico, \u00a0Servicio Nacional Integral de Administraci\u00f3n Aduanera y Tributaria; de esta manera la Contralor\u00eda del Estado Amazonas\u00a0 demuestra su compromiso en fortalecer la cultura anticorrupci\u00f3n en el pa\u00eds.<\/span><\/p>\n<p><span style=\"color: #000000;\">La Oficina de Atenci\u00f3n al Ciudadano est\u00e1 disponible para prestar asesor\u00edas y asistencia, de Lunes a Viernes, en un horario comprendido entre las 8am y 12m. en esquema 7+7 establecido por el Gobierno Nacional.\u00a0<\/span><!--more--><\/p>\n<p><a href=\"https:\/\/www.contraloriaestadoamazonas.gob.ve\/amz\/wp-content\/uploads\/2021\/09\/DJPCollage-sin-t\u00edtulo-2.jpg\"><img loading=\"lazy\" decoding=\"async\" class=\"aligncenter size-medium wp-image-5037\" src=\"https:\/\/www.contraloriaestadoamazonas.gob.ve\/amz\/wp-content\/uploads\/2021\/09\/DJPCollage-sin-t\u00edtulo-2-300x300.jpg\" alt=\"\" width=\"300\" height=\"300\" srcset=\"https:\/\/contraloriaestadoamazonas.gob.ve\/amz\/wp-content\/uploads\/2021\/09\/DJPCollage-sin-t\u00edtulo-2-300x300.jpg 300w, https:\/\/contraloriaestadoamazonas.gob.ve\/amz\/wp-content\/uploads\/2021\/09\/DJPCollage-sin-t\u00edtulo-2-150x150.jpg 150w, https:\/\/contraloriaestadoamazonas.gob.ve\/amz\/wp-content\/uploads\/2021\/09\/DJPCollage-sin-t\u00edtulo-2-768x768.jpg 768w, https:\/\/contraloriaestadoamazonas.gob.ve\/amz\/wp-content\/uploads\/2021\/09\/DJPCollage-sin-t\u00edtulo-2-1024x1024.jpg 1024w, https:\/\/contraloriaestadoamazonas.gob.ve\/amz\/wp-content\/uploads\/2021\/09\/DJPCollage-sin-t\u00edtulo-2.jpg 2000w\" sizes=\"auto, (max-width: 300px) 100vw, 300px\" \/><\/a><\/p>\n","protected":false},"excerpt":{"rendered":"<p>El Contralor del estado Amazonas anuncia prorroga en el proceso de Actualizaci\u00f3n de la Declaraci\u00f3n Jurada de Patrimonio En base a las declaraciones de Elvis Amoroso, Contralor General de la Rep\u00fablica y Presidente del Consejo Moral Republicano, el Contralor del &hellip; <a class=\"more-link\" href=\"https:\/\/contraloriaestadoamazonas.gob.ve\/amz\/2021\/09\/el-contralor-del-estado-amazonas-anuncia-prorroga-en-el-proceso-de-actualizacion-de-la-declaracion-jurada-de-patrimonio\/\">Sigue leyendo <span class=\"meta-nav\">&rarr;<\/span><\/a><\/p>\n","protected":false},"author":10,"featured_media":0,"comment_status":"closed","ping_status":"closed","sticky":false,"template":"","format":"standard","meta":{"footnotes":""},"categories":[55],"tags":[],"class_list":["post-5034","post","type-post","status-publish","format-standard","hentry","category-noticias-cea"],"_links":{"self":[{"href":"https:\/\/contraloriaestadoamazonas.gob.ve\/amz\/wp-json\/wp\/v2\/posts\/5034","targetHints":{"allow":["GET"]}}],"collection":[{"href":"https:\/\/contraloriaestadoamazonas.gob.ve\/amz\/wp-json\/wp\/v2\/posts"}],"about":[{"href":"https:\/\/contraloriaestadoamazonas.gob.ve\/amz\/wp-json\/wp\/v2\/types\/post"}],"author":[{"embeddable":true,"href":"https:\/\/contraloriaestadoamazonas.gob.ve\/amz\/wp-json\/wp\/v2\/users\/10"}],"replies":[{"embeddable":true,"href":"https:\/\/contraloriaestadoamazonas.gob.ve\/amz\/wp-json\/wp\/v2\/comments?post=5034"}],"version-history":[{"count":1,"href":"https:\/\/contraloriaestadoamazonas.gob.ve\/amz\/wp-json\/wp\/v2\/posts\/5034\/revisions"}],"predecessor-version":[{"id":5038,"href":"https:\/\/contraloriaestadoamazonas.gob.ve\/amz\/wp-json\/wp\/v2\/posts\/5034\/revisions\/5038"}],"wp:attachment":[{"href":"https:\/\/contraloriaestadoamazonas.gob.ve\/amz\/wp-json\/wp\/v2\/media?parent=5034"}],"wp:term":[{"taxonomy":"category","embeddable":true,"href":"https:\/\/contraloriaestadoamazonas.gob.ve\/amz\/wp-json\/wp\/v2\/categories?post=5034"},{"taxonomy":"post_tag","embeddable":true,"href":"https:\/\/contraloriaestadoamazonas.gob.ve\/amz\/wp-json\/wp\/v2\/tags?post=5034"}],"curies":[{"name":"wp","href":"https:\/\/api.w.org\/{rel}","templated":true}]}}