{"id":5039,"date":"2021-09-22T09:52:29","date_gmt":"2021-09-22T14:22:29","guid":{"rendered":"http:\/\/www.contraloriaestadoamazonas.gob.ve\/amz\/?p=5039"},"modified":"2021-09-22T09:57:10","modified_gmt":"2021-09-22T14:27:10","slug":"contralor-del-estado-amazonas-asistio-a-misa-en-honor-al-beato-jose-gregorio-hernandez","status":"publish","type":"post","link":"https:\/\/contraloriaestadoamazonas.gob.ve\/amz\/2021\/09\/contralor-del-estado-amazonas-asistio-a-misa-en-honor-al-beato-jose-gregorio-hernandez\/","title":{"rendered":"Contralor del estado Amazonas asisti\u00f3 a  misa en honor al Beato Jos\u00e9 Gregorio Hern\u00e1ndez"},"content":{"rendered":"<p style=\"text-align: justify;\"><span style=\"color: #000000;\"><strong>Contralor del estado Amazonas asisti\u00f3 a\u00a0 misa en honor al Beato Jos\u00e9 Gregorio Hern\u00e1ndez<\/strong><\/span><\/p>\n<p style=\"text-align: justify;\"><span style=\"color: #000000;\">El Contralor del estado Amazonas Dr. Cesar Sanguinetti, asisti\u00f3 a\u00a0 misa en honor al m\u00e9dico de los pobres,\u00a0 Dr. Jos\u00e9 Gregorio Hern\u00e1ndez, realizada en la Capilla \u00a0Inmaculada Concepci\u00f3n de la Virgen Mar\u00eda, ubicada en el sector Upata, donde se recibi\u00f3 la reliquia del beato criollo.<\/span><\/p>\n<p style=\"text-align: justify;\"><span style=\"color: #000000;\">En la ceremonia presidida por el Pro vicario del estado Amazonas Giussepe Bortoli, se recibi\u00f3 la Reliquia Sagrada como s\u00edmbolo que refuerza la fe \u00a0del pueblo amazonense, para reafirmar la obra del m\u00e9dico de los pobres.<\/span><\/p>\n<p style=\"text-align: justify;\"><span style=\"color: #000000;\">\u201cHay que ser seguidores e imitar las buenas obras y acciones del beato Jos\u00e9 Gregorio Hern\u00e1ndez\u201d, as\u00ed lo manifest\u00f3 el padre Bortoli en la eucarist\u00eda, donde se hicieron presente el coro biling\u00fce de la iglesia, \u00a0la colectividad en general y una representaci\u00f3n de las instituciones civiles y militares que hacen vida en el sector.<\/span><!--more--><\/p>\n<p style=\"text-align: justify;\">\u00a0<a href=\"https:\/\/www.contraloriaestadoamazonas.gob.ve\/amz\/wp-content\/uploads\/2021\/09\/Misa.jpg\"><img loading=\"lazy\" decoding=\"async\" class=\"aligncenter size-medium wp-image-5041\" src=\"https:\/\/www.contraloriaestadoamazonas.gob.ve\/amz\/wp-content\/uploads\/2021\/09\/Misa-300x300.jpg\" alt=\"\" width=\"300\" height=\"300\" srcset=\"https:\/\/contraloriaestadoamazonas.gob.ve\/amz\/wp-content\/uploads\/2021\/09\/Misa-300x300.jpg 300w, https:\/\/contraloriaestadoamazonas.gob.ve\/amz\/wp-content\/uploads\/2021\/09\/Misa-150x150.jpg 150w, https:\/\/contraloriaestadoamazonas.gob.ve\/amz\/wp-content\/uploads\/2021\/09\/Misa-768x768.jpg 768w, https:\/\/contraloriaestadoamazonas.gob.ve\/amz\/wp-content\/uploads\/2021\/09\/Misa-1024x1024.jpg 1024w, https:\/\/contraloriaestadoamazonas.gob.ve\/amz\/wp-content\/uploads\/2021\/09\/Misa.jpg 2000w\" sizes=\"auto, (max-width: 300px) 100vw, 300px\" \/><\/a><\/p>\n","protected":false},"excerpt":{"rendered":"<p>Contralor del estado Amazonas asisti\u00f3 a\u00a0 misa en honor al Beato Jos\u00e9 Gregorio Hern\u00e1ndez El Contralor del estado Amazonas Dr. Cesar Sanguinetti, asisti\u00f3 a\u00a0 misa en honor al m\u00e9dico de los pobres,\u00a0 Dr. Jos\u00e9 Gregorio Hern\u00e1ndez, realizada en la Capilla &hellip; <a class=\"more-link\" href=\"https:\/\/contraloriaestadoamazonas.gob.ve\/amz\/2021\/09\/contralor-del-estado-amazonas-asistio-a-misa-en-honor-al-beato-jose-gregorio-hernandez\/\">Sigue leyendo <span class=\"meta-nav\">&rarr;<\/span><\/a><\/p>\n","protected":false},"author":10,"featured_media":0,"comment_status":"closed","ping_status":"closed","sticky":false,"template":"","format":"standard","meta":{"footnotes":""},"categories":[55],"tags":[],"class_list":["post-5039","post","type-post","status-publish","format-standard","hentry","category-noticias-cea"],"_links":{"self":[{"href":"https:\/\/contraloriaestadoamazonas.gob.ve\/amz\/wp-json\/wp\/v2\/posts\/5039","targetHints":{"allow":["GET"]}}],"collection":[{"href":"https:\/\/contraloriaestadoamazonas.gob.ve\/amz\/wp-json\/wp\/v2\/posts"}],"about":[{"href":"https:\/\/contraloriaestadoamazonas.gob.ve\/amz\/wp-json\/wp\/v2\/types\/post"}],"author":[{"embeddable":true,"href":"https:\/\/contraloriaestadoamazonas.gob.ve\/amz\/wp-json\/wp\/v2\/users\/10"}],"replies":[{"embeddable":true,"href":"https:\/\/contraloriaestadoamazonas.gob.ve\/amz\/wp-json\/wp\/v2\/comments?post=5039"}],"version-history":[{"count":3,"href":"https:\/\/contraloriaestadoamazonas.gob.ve\/amz\/wp-json\/wp\/v2\/posts\/5039\/revisions"}],"predecessor-version":[{"id":5043,"href":"https:\/\/contraloriaestadoamazonas.gob.ve\/amz\/wp-json\/wp\/v2\/posts\/5039\/revisions\/5043"}],"wp:attachment":[{"href":"https:\/\/contraloriaestadoamazonas.gob.ve\/amz\/wp-json\/wp\/v2\/media?parent=5039"}],"wp:term":[{"taxonomy":"category","embeddable":true,"href":"https:\/\/contraloriaestadoamazonas.gob.ve\/amz\/wp-json\/wp\/v2\/categories?post=5039"},{"taxonomy":"post_tag","embeddable":true,"href":"https:\/\/contraloriaestadoamazonas.gob.ve\/amz\/wp-json\/wp\/v2\/tags?post=5039"}],"curies":[{"name":"wp","href":"https:\/\/api.w.org\/{rel}","templated":true}]}}