{"id":5044,"date":"2021-09-22T09:57:51","date_gmt":"2021-09-22T14:27:51","guid":{"rendered":"http:\/\/www.contraloriaestadoamazonas.gob.ve\/amz\/?p=5044"},"modified":"2021-09-22T09:57:51","modified_gmt":"2021-09-22T14:27:51","slug":"contralor-del-estado-amazonas-presente-en-acto-conmemorativo-del-bicentenario-de-la-batalla-de-carabobo-y-dia-del-ejercito","status":"publish","type":"post","link":"https:\/\/contraloriaestadoamazonas.gob.ve\/amz\/2021\/09\/contralor-del-estado-amazonas-presente-en-acto-conmemorativo-del-bicentenario-de-la-batalla-de-carabobo-y-dia-del-ejercito\/","title":{"rendered":"Contralor del estado Amazonas presente en Acto conmemorativo del Bicentenario de la Batalla de Carabobo y D\u00eda del Ej\u00e9rcito"},"content":{"rendered":"<p style=\"text-align: justify;\"><strong>Contralor del estado Amazonas presente en Acto conmemorativo del Bicentenario de la Batalla de Carabobo y D\u00eda del Ej\u00e9rcito<\/strong><\/p>\n<p style=\"text-align: justify;\">El Contralor del estado Amazonas Dr. Cesar Sanguinetti, acompa\u00f1ado por su tren directivo, asisti\u00f3 a los actos c\u00edvicos militares en conmemoraci\u00f3n al Bicentenario de la Batalla de Carabobo y D\u00eda del Ejercito Bolivariano de Venezuela, actividad organizada por la Zona Operativa de Defensa Integral Amazonas ZODI N\u00b063 junto a la Gobernaci\u00f3n del estado Amazonas.<\/p>\n<p style=\"text-align: justify;\">El acto que se llev\u00f3 a cabo en la Plaza Bol\u00edvar de la ciudad de Puerto Ayacucho, cont\u00f3 con la presencia del G\/D Angelvis P\u00e9rez, Comandante de la ZODI N\u00b0 63, junto a la Ing. Anali Herrera, Secretaria General de la Gobernaci\u00f3n del estado Amazonas, en compa\u00f1\u00eda de\u00a0 representantes de la sociedad civil, instituciones educativas y la Fuerza Armada Nacional Bolivariana (FANB), donde se realiz\u00f3 ofrenda floral ante el Padre de la Patria Sim\u00f3n Bol\u00edvar, un desfile c\u00edvico militar y actos culturales.<\/p>\n<p style=\"text-align: justify;\">Recordemos que un d\u00eda como hoy 24 de junio, en 1821 se llev\u00f3 a cabo el combate entre el Ejercito Patriota, quienes triunfaron con tropas comandadas por Sim\u00f3n Bol\u00edvar ante el Ejercito Real Espa\u00f1ol, rompiendo as\u00ed las cadenas opresoras del imperio espa\u00f1ol, motivo por el cual en esta fecha conmemoramos 200 a\u00f1os de Victoria e Independencia.<\/p>\n","protected":false},"excerpt":{"rendered":"<p>Contralor del estado Amazonas presente en Acto conmemorativo del Bicentenario de la Batalla de Carabobo y D\u00eda del Ej\u00e9rcito El Contralor del estado Amazonas Dr. Cesar Sanguinetti, acompa\u00f1ado por su tren directivo, asisti\u00f3 a los actos c\u00edvicos militares en conmemoraci\u00f3n &hellip; <a class=\"more-link\" href=\"https:\/\/contraloriaestadoamazonas.gob.ve\/amz\/2021\/09\/contralor-del-estado-amazonas-presente-en-acto-conmemorativo-del-bicentenario-de-la-batalla-de-carabobo-y-dia-del-ejercito\/\">Sigue leyendo <span class=\"meta-nav\">&rarr;<\/span><\/a><\/p>\n","protected":false},"author":10,"featured_media":0,"comment_status":"closed","ping_status":"closed","sticky":false,"template":"","format":"standard","meta":{"footnotes":""},"categories":[55],"tags":[],"class_list":["post-5044","post","type-post","status-publish","format-standard","hentry","category-noticias-cea"],"_links":{"self":[{"href":"https:\/\/contraloriaestadoamazonas.gob.ve\/amz\/wp-json\/wp\/v2\/posts\/5044","targetHints":{"allow":["GET"]}}],"collection":[{"href":"https:\/\/contraloriaestadoamazonas.gob.ve\/amz\/wp-json\/wp\/v2\/posts"}],"about":[{"href":"https:\/\/contraloriaestadoamazonas.gob.ve\/amz\/wp-json\/wp\/v2\/types\/post"}],"author":[{"embeddable":true,"href":"https:\/\/contraloriaestadoamazonas.gob.ve\/amz\/wp-json\/wp\/v2\/users\/10"}],"replies":[{"embeddable":true,"href":"https:\/\/contraloriaestadoamazonas.gob.ve\/amz\/wp-json\/wp\/v2\/comments?post=5044"}],"version-history":[{"count":1,"href":"https:\/\/contraloriaestadoamazonas.gob.ve\/amz\/wp-json\/wp\/v2\/posts\/5044\/revisions"}],"predecessor-version":[{"id":5045,"href":"https:\/\/contraloriaestadoamazonas.gob.ve\/amz\/wp-json\/wp\/v2\/posts\/5044\/revisions\/5045"}],"wp:attachment":[{"href":"https:\/\/contraloriaestadoamazonas.gob.ve\/amz\/wp-json\/wp\/v2\/media?parent=5044"}],"wp:term":[{"taxonomy":"category","embeddable":true,"href":"https:\/\/contraloriaestadoamazonas.gob.ve\/amz\/wp-json\/wp\/v2\/categories?post=5044"},{"taxonomy":"post_tag","embeddable":true,"href":"https:\/\/contraloriaestadoamazonas.gob.ve\/amz\/wp-json\/wp\/v2\/tags?post=5044"}],"curies":[{"name":"wp","href":"https:\/\/api.w.org\/{rel}","templated":true}]}}