{"id":5093,"date":"2021-12-16T14:10:57","date_gmt":"2021-12-16T18:40:57","guid":{"rendered":"https:\/\/www.contraloriaestadoamazonas.gob.ve\/amz\/?p=5093"},"modified":"2021-12-16T14:10:59","modified_gmt":"2021-12-16T18:40:59","slug":"el-contralor-del-estado-amazonas-estuvo-presente-en-el-acto-de-juramentacion-y-toma-de-posesion-del-gobernador-reelecto","status":"publish","type":"post","link":"https:\/\/contraloriaestadoamazonas.gob.ve\/amz\/2021\/12\/el-contralor-del-estado-amazonas-estuvo-presente-en-el-acto-de-juramentacion-y-toma-de-posesion-del-gobernador-reelecto\/","title":{"rendered":"El Contralor del estado Amazonas estuvo presente, en el acto de juramentaci\u00f3n y toma de posesi\u00f3n del gobernador reelecto."},"content":{"rendered":"\n<figure class=\"wp-block-gallery columns-1 is-cropped wp-block-gallery-1 is-layout-flex wp-block-gallery-is-layout-flex\"><ul class=\"blocks-gallery-grid\"><li class=\"blocks-gallery-item\"><figure><a href=\"https:\/\/www.contraloriaestadoamazonas.gob.ve\/amz\/wp-content\/uploads\/2021\/12\/WhatsApp-Image-2021-12-16-at-10.55.19-AM.jpeg\"><img loading=\"lazy\" decoding=\"async\" width=\"960\" height=\"960\" src=\"https:\/\/www.contraloriaestadoamazonas.gob.ve\/amz\/wp-content\/uploads\/2021\/12\/WhatsApp-Image-2021-12-16-at-10.55.19-AM.jpeg\" alt=\"\" data-id=\"5094\" data-full-url=\"https:\/\/www.contraloriaestadoamazonas.gob.ve\/amz\/wp-content\/uploads\/2021\/12\/WhatsApp-Image-2021-12-16-at-10.55.19-AM.jpeg\" data-link=\"https:\/\/www.contraloriaestadoamazonas.gob.ve\/amz\/wp-content\/uploads\/2021\/12\/WhatsApp-Image-2021-12-16-at-10.55.19-AM.jpeg\" class=\"wp-image-5094\" srcset=\"https:\/\/contraloriaestadoamazonas.gob.ve\/amz\/wp-content\/uploads\/2021\/12\/WhatsApp-Image-2021-12-16-at-10.55.19-AM.jpeg 960w, https:\/\/contraloriaestadoamazonas.gob.ve\/amz\/wp-content\/uploads\/2021\/12\/WhatsApp-Image-2021-12-16-at-10.55.19-AM-300x300.jpeg 300w, https:\/\/contraloriaestadoamazonas.gob.ve\/amz\/wp-content\/uploads\/2021\/12\/WhatsApp-Image-2021-12-16-at-10.55.19-AM-150x150.jpeg 150w, https:\/\/contraloriaestadoamazonas.gob.ve\/amz\/wp-content\/uploads\/2021\/12\/WhatsApp-Image-2021-12-16-at-10.55.19-AM-768x768.jpeg 768w\" sizes=\"auto, (max-width: 960px) 100vw, 960px\" \/><\/a><\/figure><\/li><\/ul><\/figure>\n\n\n\n<p>El Contralor del estado Amazonas, Dr Cesar Sanguinetti, estuvo presente, este mi\u00e9rcoles 15 de diciembre, en el acto de juramentaci\u00f3n y toma de posesi\u00f3n del gobernador reelecto, Ing. Miguel Rodr\u00edguez,\u00a0 en representaci\u00f3n del Consejo Moral Republicano.<\/p>\n\n\n\n<p>Este acto fue encabezado por la presidenta del Consejo Legislativo, Delkys Bastidas;&nbsp; quien hizo la juramentaci\u00f3n al Gobernador, adem\u00e1s de contar con la asistencia de&nbsp; las autoridades municipales electas,&nbsp; y&nbsp; representantes de los poderes legislativo, judicial,&nbsp; Militar&nbsp; del estado amazonas junto a los ciudadanos amazonenses que estuvieron presentes en la plaza Bol\u00edvar de esta ciudad.<\/p>\n","protected":false},"excerpt":{"rendered":"<p>El Contralor del estado Amazonas, Dr Cesar Sanguinetti, estuvo presente, este mi\u00e9rcoles 15 de diciembre, en el acto de juramentaci\u00f3n y toma de posesi\u00f3n del gobernador reelecto, Ing. Miguel Rodr\u00edguez,\u00a0 en representaci\u00f3n del Consejo Moral Republicano. Este acto fue encabezado &hellip; <a class=\"more-link\" href=\"https:\/\/contraloriaestadoamazonas.gob.ve\/amz\/2021\/12\/el-contralor-del-estado-amazonas-estuvo-presente-en-el-acto-de-juramentacion-y-toma-de-posesion-del-gobernador-reelecto\/\">Sigue leyendo <span class=\"meta-nav\">&rarr;<\/span><\/a><\/p>\n","protected":false},"author":10,"featured_media":0,"comment_status":"closed","ping_status":"closed","sticky":false,"template":"","format":"standard","meta":{"footnotes":""},"categories":[55],"tags":[],"class_list":["post-5093","post","type-post","status-publish","format-standard","hentry","category-noticias-cea"],"_links":{"self":[{"href":"https:\/\/contraloriaestadoamazonas.gob.ve\/amz\/wp-json\/wp\/v2\/posts\/5093","targetHints":{"allow":["GET"]}}],"collection":[{"href":"https:\/\/contraloriaestadoamazonas.gob.ve\/amz\/wp-json\/wp\/v2\/posts"}],"about":[{"href":"https:\/\/contraloriaestadoamazonas.gob.ve\/amz\/wp-json\/wp\/v2\/types\/post"}],"author":[{"embeddable":true,"href":"https:\/\/contraloriaestadoamazonas.gob.ve\/amz\/wp-json\/wp\/v2\/users\/10"}],"replies":[{"embeddable":true,"href":"https:\/\/contraloriaestadoamazonas.gob.ve\/amz\/wp-json\/wp\/v2\/comments?post=5093"}],"version-history":[{"count":1,"href":"https:\/\/contraloriaestadoamazonas.gob.ve\/amz\/wp-json\/wp\/v2\/posts\/5093\/revisions"}],"predecessor-version":[{"id":5095,"href":"https:\/\/contraloriaestadoamazonas.gob.ve\/amz\/wp-json\/wp\/v2\/posts\/5093\/revisions\/5095"}],"wp:attachment":[{"href":"https:\/\/contraloriaestadoamazonas.gob.ve\/amz\/wp-json\/wp\/v2\/media?parent=5093"}],"wp:term":[{"taxonomy":"category","embeddable":true,"href":"https:\/\/contraloriaestadoamazonas.gob.ve\/amz\/wp-json\/wp\/v2\/categories?post=5093"},{"taxonomy":"post_tag","embeddable":true,"href":"https:\/\/contraloriaestadoamazonas.gob.ve\/amz\/wp-json\/wp\/v2\/tags?post=5093"}],"curies":[{"name":"wp","href":"https:\/\/api.w.org\/{rel}","templated":true}]}}