{"id":5104,"date":"2022-03-28T13:21:50","date_gmt":"2022-03-28T17:51:50","guid":{"rendered":"https:\/\/www.contraloriaestadoamazonas.gob.ve\/amz\/?p=5104"},"modified":"2022-03-28T13:21:54","modified_gmt":"2022-03-28T17:51:54","slug":"feliz-29-aniversario-cea","status":"publish","type":"post","link":"https:\/\/contraloriaestadoamazonas.gob.ve\/amz\/2022\/03\/feliz-29-aniversario-cea\/","title":{"rendered":"FELIZ 29 Aniversario CEA"},"content":{"rendered":"\n<figure class=\"wp-block-gallery columns-2 is-cropped wp-block-gallery-1 is-layout-flex wp-block-gallery-is-layout-flex\"><ul class=\"blocks-gallery-grid\"><li class=\"blocks-gallery-item\"><figure><a href=\"https:\/\/www.contraloriaestadoamazonas.gob.ve\/amz\/wp-content\/uploads\/2022\/03\/WhatsApp-Image-2022-03-28-at-1.05.10-PM.jpeg\"><img loading=\"lazy\" decoding=\"async\" width=\"1024\" height=\"768\" src=\"https:\/\/www.contraloriaestadoamazonas.gob.ve\/amz\/wp-content\/uploads\/2022\/03\/WhatsApp-Image-2022-03-28-at-1.05.10-PM-1024x768.jpeg\" alt=\"\" data-id=\"5105\" data-full-url=\"https:\/\/www.contraloriaestadoamazonas.gob.ve\/amz\/wp-content\/uploads\/2022\/03\/WhatsApp-Image-2022-03-28-at-1.05.10-PM.jpeg\" data-link=\"https:\/\/www.contraloriaestadoamazonas.gob.ve\/amz\/wp-content\/uploads\/2022\/03\/WhatsApp-Image-2022-03-28-at-1.05.10-PM.jpeg\" class=\"wp-image-5105\" srcset=\"https:\/\/contraloriaestadoamazonas.gob.ve\/amz\/wp-content\/uploads\/2022\/03\/WhatsApp-Image-2022-03-28-at-1.05.10-PM-1024x768.jpeg 1024w, https:\/\/contraloriaestadoamazonas.gob.ve\/amz\/wp-content\/uploads\/2022\/03\/WhatsApp-Image-2022-03-28-at-1.05.10-PM-300x225.jpeg 300w, https:\/\/contraloriaestadoamazonas.gob.ve\/amz\/wp-content\/uploads\/2022\/03\/WhatsApp-Image-2022-03-28-at-1.05.10-PM-768x576.jpeg 768w, https:\/\/contraloriaestadoamazonas.gob.ve\/amz\/wp-content\/uploads\/2022\/03\/WhatsApp-Image-2022-03-28-at-1.05.10-PM.jpeg 1040w\" sizes=\"auto, (max-width: 1024px) 100vw, 1024px\" \/><\/a><\/figure><\/li><li class=\"blocks-gallery-item\"><figure><a href=\"https:\/\/www.contraloriaestadoamazonas.gob.ve\/amz\/wp-content\/uploads\/2022\/03\/WhatsApp-Image-2022-03-28-at-1.05.11-PM-1.jpeg\"><img loading=\"lazy\" decoding=\"async\" width=\"1024\" height=\"768\" src=\"https:\/\/www.contraloriaestadoamazonas.gob.ve\/amz\/wp-content\/uploads\/2022\/03\/WhatsApp-Image-2022-03-28-at-1.05.11-PM-1-1024x768.jpeg\" alt=\"\" data-id=\"5106\" data-full-url=\"https:\/\/www.contraloriaestadoamazonas.gob.ve\/amz\/wp-content\/uploads\/2022\/03\/WhatsApp-Image-2022-03-28-at-1.05.11-PM-1.jpeg\" data-link=\"https:\/\/www.contraloriaestadoamazonas.gob.ve\/amz\/wp-content\/uploads\/2022\/03\/WhatsApp-Image-2022-03-28-at-1.05.11-PM-1.jpeg\" class=\"wp-image-5106\" srcset=\"https:\/\/contraloriaestadoamazonas.gob.ve\/amz\/wp-content\/uploads\/2022\/03\/WhatsApp-Image-2022-03-28-at-1.05.11-PM-1-1024x768.jpeg 1024w, https:\/\/contraloriaestadoamazonas.gob.ve\/amz\/wp-content\/uploads\/2022\/03\/WhatsApp-Image-2022-03-28-at-1.05.11-PM-1-300x225.jpeg 300w, https:\/\/contraloriaestadoamazonas.gob.ve\/amz\/wp-content\/uploads\/2022\/03\/WhatsApp-Image-2022-03-28-at-1.05.11-PM-1-768x576.jpeg 768w, https:\/\/contraloriaestadoamazonas.gob.ve\/amz\/wp-content\/uploads\/2022\/03\/WhatsApp-Image-2022-03-28-at-1.05.11-PM-1.jpeg 1040w\" sizes=\"auto, (max-width: 1024px) 100vw, 1024px\" \/><\/a><\/figure><\/li><\/ul><\/figure>\n\n\n\n<p>Finalizando con las actividades programadas en la semana aniversario de la Contralor\u00eda Del Estado Amazonas se llev\u00f3 a cabo\u00a0 una misa de agradecimiento a\u00a0 nuestro Padre Celestial.<\/p>\n\n\n\n<p>En el acto protocolar, acompa\u00f1ando al Contralor del Estado Dr. Cesar Sanguinetti, estuvo presente el Gobernador del Estado Ing. Miguel Rodr\u00edguez, Sec. ejecutiva Ing. Anali Herrera, Procurador del Estado Dr. Luis Machado, Juez Rector Dr. Hermes&nbsp; Barrios, Defensor del Pueblo Gumercindo Castro, entre otras Autoridades del Estado.<\/p>\n\n\n\n<p>La actividad inici\u00f3 con las Gloriosas Notas del Himno&nbsp; Nacional interpretado por los hermanos del Pueblo Ind\u00edgena Baniva, tambi\u00e9n Particip\u00f3 la Orquesta Sinf\u00f3nica Juvenil del Estado Amazonas. Las Palabras de Apertura estuvieron a cargo del&nbsp; Contralor del Estado Dr. Cesar Sanguinetti quien&nbsp; extendi\u00f3 sus Felicitaciones en Nombre del Contralor General de la Rep\u00fablica Dr. Elvis Amoroso a todo el equipo que conforma este \u00d3rgano de Control Fiscal.<\/p>\n\n\n\n<p>\u00abEs importante decir que la labor que presta nuestra Instituci\u00f3n es Fundamental para lograr con eficacia y transparencia los Fines del Estado, que est\u00e1n establecidas en la Constituci\u00f3n y en las leyes\u00bb. Puntualiz\u00f3 el Dr. Sanguinetti.<\/p>\n\n\n\n<p>De igual&nbsp; manera la ciudadana Yvy Medina fue&nbsp; la Oradora de Orden por su larga trayectoria dentro de esta instituci\u00f3n, donde expres\u00f3.<\/p>\n\n\n\n<p>&nbsp;\u00abEs oportuno se\u00f1alar que en estos 29 a\u00f1os de la Contralor\u00eda del Estado Amazonas han designados a destacados profesionales como contraloras y contralores,&nbsp; brindarnos sus conocimientos en pro de la buena administraci\u00f3n de los recursos p\u00fablicos del Estado\u00bb.<\/p>\n\n\n\n<p>Finalmente el Gobernador del Estado se\u00f1al\u00f3 la importancia de la labor y la&nbsp; responsabilidad que&nbsp; tiene esta Instituci\u00f3n en nuestro Estado, as\u00ed mismo, dio una efusiva felicitaci\u00f3n enalteciendo &nbsp;a todos los empleados.<\/p>\n","protected":false},"excerpt":{"rendered":"<p>Finalizando con las actividades programadas en la semana aniversario de la Contralor\u00eda Del Estado Amazonas se llev\u00f3 a cabo\u00a0 una misa de agradecimiento a\u00a0 nuestro Padre Celestial. En el acto protocolar, acompa\u00f1ando al Contralor del Estado Dr. Cesar Sanguinetti, estuvo &hellip; <a class=\"more-link\" href=\"https:\/\/contraloriaestadoamazonas.gob.ve\/amz\/2022\/03\/feliz-29-aniversario-cea\/\">Sigue leyendo <span class=\"meta-nav\">&rarr;<\/span><\/a><\/p>\n","protected":false},"author":10,"featured_media":0,"comment_status":"closed","ping_status":"closed","sticky":false,"template":"","format":"gallery","meta":{"footnotes":""},"categories":[55],"tags":[],"class_list":["post-5104","post","type-post","status-publish","format-gallery","hentry","category-noticias-cea","post_format-post-format-gallery"],"_links":{"self":[{"href":"https:\/\/contraloriaestadoamazonas.gob.ve\/amz\/wp-json\/wp\/v2\/posts\/5104","targetHints":{"allow":["GET"]}}],"collection":[{"href":"https:\/\/contraloriaestadoamazonas.gob.ve\/amz\/wp-json\/wp\/v2\/posts"}],"about":[{"href":"https:\/\/contraloriaestadoamazonas.gob.ve\/amz\/wp-json\/wp\/v2\/types\/post"}],"author":[{"embeddable":true,"href":"https:\/\/contraloriaestadoamazonas.gob.ve\/amz\/wp-json\/wp\/v2\/users\/10"}],"replies":[{"embeddable":true,"href":"https:\/\/contraloriaestadoamazonas.gob.ve\/amz\/wp-json\/wp\/v2\/comments?post=5104"}],"version-history":[{"count":1,"href":"https:\/\/contraloriaestadoamazonas.gob.ve\/amz\/wp-json\/wp\/v2\/posts\/5104\/revisions"}],"predecessor-version":[{"id":5107,"href":"https:\/\/contraloriaestadoamazonas.gob.ve\/amz\/wp-json\/wp\/v2\/posts\/5104\/revisions\/5107"}],"wp:attachment":[{"href":"https:\/\/contraloriaestadoamazonas.gob.ve\/amz\/wp-json\/wp\/v2\/media?parent=5104"}],"wp:term":[{"taxonomy":"category","embeddable":true,"href":"https:\/\/contraloriaestadoamazonas.gob.ve\/amz\/wp-json\/wp\/v2\/categories?post=5104"},{"taxonomy":"post_tag","embeddable":true,"href":"https:\/\/contraloriaestadoamazonas.gob.ve\/amz\/wp-json\/wp\/v2\/tags?post=5104"}],"curies":[{"name":"wp","href":"https:\/\/api.w.org\/{rel}","templated":true}]}}