{"id":5119,"date":"2022-05-23T11:54:55","date_gmt":"2022-05-23T16:24:55","guid":{"rendered":"https:\/\/www.contraloriaestadoamazonas.gob.ve\/amz\/?p=5119"},"modified":"2022-05-23T11:54:59","modified_gmt":"2022-05-23T16:24:59","slug":"jornada-social-a-los-abuelos-de-la-casa-hogar-carmen-martinez","status":"publish","type":"post","link":"https:\/\/contraloriaestadoamazonas.gob.ve\/amz\/2022\/05\/jornada-social-a-los-abuelos-de-la-casa-hogar-carmen-martinez\/","title":{"rendered":"Jornada Social a los Abuelos de la Casa Hogar \u00abCarmen Mart\u00ednez\u00bb\u00a0"},"content":{"rendered":"\n<figure class=\"wp-block-gallery columns-1 is-cropped wp-block-gallery-1 is-layout-flex wp-block-gallery-is-layout-flex\"><ul class=\"blocks-gallery-grid\"><li class=\"blocks-gallery-item\"><figure><a href=\"https:\/\/www.contraloriaestadoamazonas.gob.ve\/amz\/wp-content\/uploads\/2022\/05\/WhatsApp-Image-2022-05-23-at-12.15.52-2.jpeg\"><img loading=\"lazy\" decoding=\"async\" width=\"1024\" height=\"576\" src=\"https:\/\/www.contraloriaestadoamazonas.gob.ve\/amz\/wp-content\/uploads\/2022\/05\/WhatsApp-Image-2022-05-23-at-12.15.52-2-1024x576.jpeg\" alt=\"\" data-id=\"5123\" data-full-url=\"https:\/\/www.contraloriaestadoamazonas.gob.ve\/amz\/wp-content\/uploads\/2022\/05\/WhatsApp-Image-2022-05-23-at-12.15.52-2.jpeg\" data-link=\"https:\/\/www.contraloriaestadoamazonas.gob.ve\/amz\/wp-content\/uploads\/2022\/05\/WhatsApp-Image-2022-05-23-at-12.15.52-2.jpeg\" class=\"wp-image-5123\" srcset=\"https:\/\/contraloriaestadoamazonas.gob.ve\/amz\/wp-content\/uploads\/2022\/05\/WhatsApp-Image-2022-05-23-at-12.15.52-2-1024x576.jpeg 1024w, https:\/\/contraloriaestadoamazonas.gob.ve\/amz\/wp-content\/uploads\/2022\/05\/WhatsApp-Image-2022-05-23-at-12.15.52-2-300x169.jpeg 300w, https:\/\/contraloriaestadoamazonas.gob.ve\/amz\/wp-content\/uploads\/2022\/05\/WhatsApp-Image-2022-05-23-at-12.15.52-2-768x432.jpeg 768w, https:\/\/contraloriaestadoamazonas.gob.ve\/amz\/wp-content\/uploads\/2022\/05\/WhatsApp-Image-2022-05-23-at-12.15.52-2.jpeg 1080w\" sizes=\"auto, (max-width: 1024px) 100vw, 1024px\" \/><\/a><\/figure><\/li><\/ul><\/figure>\n\n\n\n<p><strong>Jornada Social a los Abuelos de la Casa Hogar \u00abCarmen Mart\u00ednez\u00bb&nbsp;<\/strong><\/p>\n\n\n\n<p><strong>Bajo rector\u00eda del contralor general de la Rep\u00fablica Dr. Elvis Amoroso.<\/strong><\/p>\n\n\n\n<p>Siguiendo las instrucciones del contralor del estado Amazonas Dr. C\u00e9sar Sanguinetti, a trav\u00e9s de la fundaci\u00f3n social, cultural&nbsp; y deportiva de la contralor\u00eda del estado Amazonas, realiz\u00f3 una jornada Social con los abuelos, de la Casa Hogar&nbsp; \u00abCarmen Mart\u00ednez\u00bb&nbsp; de la Ciudad de Puerto Ayacucho.<\/p>\n\n\n\n<p>La actividad cont\u00f3 con la presencia del contralor del Estado Dr. C\u00e9sar Sanguinetti, acompa\u00f1ado por&nbsp; varios funcionarios de la contralor\u00eda, d\u00f3nde compartieron un rico almuerzo, una partida de domin\u00f3 y se donaron tres cestas de comida&nbsp; y productos de higiene personal, con el aporte de todos los funcionarios de la contralor\u00eda y de inversiones Maruwa.<\/p>\n\n\n\n<p>El Contralor&nbsp; manifest\u00f3, \u00abTenga la seguridad que esto que estamos haciendo lo estamos haciendo por amor a nuestro pr\u00f3jimo\u00bb.<\/p>\n\n\n\n<p>Es importante resaltar que la fundaci\u00f3n fue restructurada&nbsp; con la nueva junta directiva con el objeto de fomentar&nbsp; la participaci\u00f3n social dentro del estado Amazonas.<\/p>\n\n\n\n<p>@CGR<\/p>\n\n\n\n<p>#Social<\/p>\n\n\n\n<p>#Fundacion<\/p>\n","protected":false},"excerpt":{"rendered":"<p>Jornada Social a los Abuelos de la Casa Hogar \u00abCarmen Mart\u00ednez\u00bb&nbsp; Bajo rector\u00eda del contralor general de la Rep\u00fablica Dr. Elvis Amoroso. Siguiendo las instrucciones del contralor del estado Amazonas Dr. C\u00e9sar Sanguinetti, a trav\u00e9s de la fundaci\u00f3n social, cultural&nbsp; &hellip; <a class=\"more-link\" href=\"https:\/\/contraloriaestadoamazonas.gob.ve\/amz\/2022\/05\/jornada-social-a-los-abuelos-de-la-casa-hogar-carmen-martinez\/\">Sigue leyendo <span class=\"meta-nav\">&rarr;<\/span><\/a><\/p>\n","protected":false},"author":10,"featured_media":0,"comment_status":"closed","ping_status":"closed","sticky":false,"template":"","format":"standard","meta":{"footnotes":""},"categories":[11,55],"tags":[],"class_list":["post-5119","post","type-post","status-publish","format-standard","hentry","category-oac","category-noticias-cea"],"_links":{"self":[{"href":"https:\/\/contraloriaestadoamazonas.gob.ve\/amz\/wp-json\/wp\/v2\/posts\/5119","targetHints":{"allow":["GET"]}}],"collection":[{"href":"https:\/\/contraloriaestadoamazonas.gob.ve\/amz\/wp-json\/wp\/v2\/posts"}],"about":[{"href":"https:\/\/contraloriaestadoamazonas.gob.ve\/amz\/wp-json\/wp\/v2\/types\/post"}],"author":[{"embeddable":true,"href":"https:\/\/contraloriaestadoamazonas.gob.ve\/amz\/wp-json\/wp\/v2\/users\/10"}],"replies":[{"embeddable":true,"href":"https:\/\/contraloriaestadoamazonas.gob.ve\/amz\/wp-json\/wp\/v2\/comments?post=5119"}],"version-history":[{"count":1,"href":"https:\/\/contraloriaestadoamazonas.gob.ve\/amz\/wp-json\/wp\/v2\/posts\/5119\/revisions"}],"predecessor-version":[{"id":5124,"href":"https:\/\/contraloriaestadoamazonas.gob.ve\/amz\/wp-json\/wp\/v2\/posts\/5119\/revisions\/5124"}],"wp:attachment":[{"href":"https:\/\/contraloriaestadoamazonas.gob.ve\/amz\/wp-json\/wp\/v2\/media?parent=5119"}],"wp:term":[{"taxonomy":"category","embeddable":true,"href":"https:\/\/contraloriaestadoamazonas.gob.ve\/amz\/wp-json\/wp\/v2\/categories?post=5119"},{"taxonomy":"post_tag","embeddable":true,"href":"https:\/\/contraloriaestadoamazonas.gob.ve\/amz\/wp-json\/wp\/v2\/tags?post=5119"}],"curies":[{"name":"wp","href":"https:\/\/api.w.org\/{rel}","templated":true}]}}