{"id":5130,"date":"2022-07-06T11:41:20","date_gmt":"2022-07-06T16:11:20","guid":{"rendered":"https:\/\/www.contraloriaestadoamazonas.gob.ve\/amz\/?p=5130"},"modified":"2022-07-06T11:41:22","modified_gmt":"2022-07-06T16:11:22","slug":"firma-del-acta-de-independencia","status":"publish","type":"post","link":"https:\/\/contraloriaestadoamazonas.gob.ve\/amz\/2022\/07\/firma-del-acta-de-independencia\/","title":{"rendered":"Firma del Acta de Independencia"},"content":{"rendered":"\n<figure class=\"wp-block-gallery columns-1 is-cropped wp-block-gallery-1 is-layout-flex wp-block-gallery-is-layout-flex\"><ul class=\"blocks-gallery-grid\"><li class=\"blocks-gallery-item\"><figure><a href=\"https:\/\/www.contraloriaestadoamazonas.gob.ve\/amz\/wp-content\/uploads\/2022\/07\/IMG_20220706_120637.jpg\"><img loading=\"lazy\" decoding=\"async\" width=\"1000\" height=\"1024\" src=\"https:\/\/www.contraloriaestadoamazonas.gob.ve\/amz\/wp-content\/uploads\/2022\/07\/IMG_20220706_120637-1000x1024.jpg\" alt=\"\" data-id=\"5131\" data-full-url=\"https:\/\/www.contraloriaestadoamazonas.gob.ve\/amz\/wp-content\/uploads\/2022\/07\/IMG_20220706_120637.jpg\" data-link=\"https:\/\/www.contraloriaestadoamazonas.gob.ve\/amz\/wp-content\/uploads\/2022\/07\/IMG_20220706_120637.jpg\" class=\"wp-image-5131\" srcset=\"https:\/\/contraloriaestadoamazonas.gob.ve\/amz\/wp-content\/uploads\/2022\/07\/IMG_20220706_120637-1000x1024.jpg 1000w, https:\/\/contraloriaestadoamazonas.gob.ve\/amz\/wp-content\/uploads\/2022\/07\/IMG_20220706_120637-293x300.jpg 293w, https:\/\/contraloriaestadoamazonas.gob.ve\/amz\/wp-content\/uploads\/2022\/07\/IMG_20220706_120637-768x786.jpg 768w, https:\/\/contraloriaestadoamazonas.gob.ve\/amz\/wp-content\/uploads\/2022\/07\/IMG_20220706_120637.jpg 1080w\" sizes=\"auto, (max-width: 1000px) 100vw, 1000px\" \/><\/a><\/figure><\/li><\/ul><\/figure>\n\n\n\n<p>La contralor\u00eda del estado Amazonas con motivo de celebrarse la Firma del Acta de Independencia y el d\u00eda de la Fuera Armada Nacional Bolivariana&nbsp; particip\u00f3 en el Desfile C\u00edvico-Militar acompa\u00f1ado de diferentes instituciones y entes Militares que hacen vida en la regi\u00f3n, dicha actividad se efectu\u00f3 en la avenida R\u00edo Negro de la ciudad de Puerto Ayacucho.<\/p>\n\n\n\n<p>En esta oportunidad el Director General Dr. Manuel Escobar asisti\u00f3 al evento en representaci\u00f3n del&nbsp; Contralor del estado Dr. C\u00e9sar Sanguinetti d\u00f3nde manifest\u00f3 \u00bb Hoy Celebramos el 5 de Julio de 1811 con j\u00fabilo y gozo d\u00f3nde todos los venezolanos deben sentirse orgullosos por tan importante fecha hist\u00f3rica\u00bb.<\/p>\n\n\n\n<p>Es de mencionar que el Acta de Independencia de Venezuela es un documento redactado y firmado desde el 5 de Julio de 1811, en el que representantes de siete de las diez provincias, declararon el 05 de Julio su independencia de la Corona Espa\u00f1ola, la declaraci\u00f3n es notable por ser el primer caso de una colonia espa\u00f1ola de Am\u00e9rica que declara su Independencia absoluta.<\/p>\n","protected":false},"excerpt":{"rendered":"<p>La contralor\u00eda del estado Amazonas con motivo de celebrarse la Firma del Acta de Independencia y el d\u00eda de la Fuera Armada Nacional Bolivariana&nbsp; particip\u00f3 en el Desfile C\u00edvico-Militar acompa\u00f1ado de diferentes instituciones y entes Militares que hacen vida en &hellip; <a class=\"more-link\" href=\"https:\/\/contraloriaestadoamazonas.gob.ve\/amz\/2022\/07\/firma-del-acta-de-independencia\/\">Sigue leyendo <span class=\"meta-nav\">&rarr;<\/span><\/a><\/p>\n","protected":false},"author":10,"featured_media":0,"comment_status":"closed","ping_status":"closed","sticky":false,"template":"","format":"standard","meta":{"footnotes":""},"categories":[1],"tags":[],"class_list":["post-5130","post","type-post","status-publish","format-standard","hentry","category-sin-categoria"],"_links":{"self":[{"href":"https:\/\/contraloriaestadoamazonas.gob.ve\/amz\/wp-json\/wp\/v2\/posts\/5130","targetHints":{"allow":["GET"]}}],"collection":[{"href":"https:\/\/contraloriaestadoamazonas.gob.ve\/amz\/wp-json\/wp\/v2\/posts"}],"about":[{"href":"https:\/\/contraloriaestadoamazonas.gob.ve\/amz\/wp-json\/wp\/v2\/types\/post"}],"author":[{"embeddable":true,"href":"https:\/\/contraloriaestadoamazonas.gob.ve\/amz\/wp-json\/wp\/v2\/users\/10"}],"replies":[{"embeddable":true,"href":"https:\/\/contraloriaestadoamazonas.gob.ve\/amz\/wp-json\/wp\/v2\/comments?post=5130"}],"version-history":[{"count":1,"href":"https:\/\/contraloriaestadoamazonas.gob.ve\/amz\/wp-json\/wp\/v2\/posts\/5130\/revisions"}],"predecessor-version":[{"id":5132,"href":"https:\/\/contraloriaestadoamazonas.gob.ve\/amz\/wp-json\/wp\/v2\/posts\/5130\/revisions\/5132"}],"wp:attachment":[{"href":"https:\/\/contraloriaestadoamazonas.gob.ve\/amz\/wp-json\/wp\/v2\/media?parent=5130"}],"wp:term":[{"taxonomy":"category","embeddable":true,"href":"https:\/\/contraloriaestadoamazonas.gob.ve\/amz\/wp-json\/wp\/v2\/categories?post=5130"},{"taxonomy":"post_tag","embeddable":true,"href":"https:\/\/contraloriaestadoamazonas.gob.ve\/amz\/wp-json\/wp\/v2\/tags?post=5130"}],"curies":[{"name":"wp","href":"https:\/\/api.w.org\/{rel}","templated":true}]}}