{"id":5145,"date":"2023-03-16T11:39:39","date_gmt":"2023-03-16T16:09:39","guid":{"rendered":"https:\/\/www.contraloriaestadoamazonas.gob.ve\/amz\/?p=5145"},"modified":"2023-03-16T11:39:44","modified_gmt":"2023-03-16T16:09:44","slug":"contralor-dr-cesar-sanguinetti-hizo-entrega-del-informe-de-gestion-al-contralor-general-de-la-republica","status":"publish","type":"post","link":"https:\/\/contraloriaestadoamazonas.gob.ve\/amz\/2023\/03\/contralor-dr-cesar-sanguinetti-hizo-entrega-del-informe-de-gestion-al-contralor-general-de-la-republica\/","title":{"rendered":"Contralor Dr. C\u00e9sar Sanguinetti, hizo entrega del Informe de Gesti\u00f3n al Contralor General de la Rep\u00fablica."},"content":{"rendered":"\n<figure class=\"wp-block-gallery columns-3 is-cropped wp-block-gallery-1 is-layout-flex wp-block-gallery-is-layout-flex\"><ul class=\"blocks-gallery-grid\"><li class=\"blocks-gallery-item\"><figure><a href=\"https:\/\/www.contraloriaestadoamazonas.gob.ve\/amz\/wp-content\/uploads\/2023\/03\/WhatsApp-Image-2023-03-16-at-11.42.50-AM.jpeg\"><img loading=\"lazy\" decoding=\"async\" width=\"810\" height=\"810\" src=\"https:\/\/www.contraloriaestadoamazonas.gob.ve\/amz\/wp-content\/uploads\/2023\/03\/WhatsApp-Image-2023-03-16-at-11.42.50-AM.jpeg\" alt=\"\" data-id=\"5146\" data-full-url=\"https:\/\/www.contraloriaestadoamazonas.gob.ve\/amz\/wp-content\/uploads\/2023\/03\/WhatsApp-Image-2023-03-16-at-11.42.50-AM.jpeg\" data-link=\"https:\/\/www.contraloriaestadoamazonas.gob.ve\/amz\/wp-content\/uploads\/2023\/03\/WhatsApp-Image-2023-03-16-at-11.42.50-AM.jpeg\" class=\"wp-image-5146\" srcset=\"https:\/\/contraloriaestadoamazonas.gob.ve\/amz\/wp-content\/uploads\/2023\/03\/WhatsApp-Image-2023-03-16-at-11.42.50-AM.jpeg 810w, https:\/\/contraloriaestadoamazonas.gob.ve\/amz\/wp-content\/uploads\/2023\/03\/WhatsApp-Image-2023-03-16-at-11.42.50-AM-300x300.jpeg 300w, https:\/\/contraloriaestadoamazonas.gob.ve\/amz\/wp-content\/uploads\/2023\/03\/WhatsApp-Image-2023-03-16-at-11.42.50-AM-150x150.jpeg 150w, https:\/\/contraloriaestadoamazonas.gob.ve\/amz\/wp-content\/uploads\/2023\/03\/WhatsApp-Image-2023-03-16-at-11.42.50-AM-768x768.jpeg 768w\" sizes=\"auto, (max-width: 810px) 100vw, 810px\" \/><\/a><\/figure><\/li><li class=\"blocks-gallery-item\"><figure><a href=\"https:\/\/www.contraloriaestadoamazonas.gob.ve\/amz\/wp-content\/uploads\/2023\/03\/WhatsApp-Image-2023-03-16-at-11.42.51-AM1.jpeg\"><img loading=\"lazy\" decoding=\"async\" width=\"1024\" height=\"768\" src=\"https:\/\/www.contraloriaestadoamazonas.gob.ve\/amz\/wp-content\/uploads\/2023\/03\/WhatsApp-Image-2023-03-16-at-11.42.51-AM1-1024x768.jpeg\" alt=\"\" data-id=\"5147\" data-full-url=\"https:\/\/www.contraloriaestadoamazonas.gob.ve\/amz\/wp-content\/uploads\/2023\/03\/WhatsApp-Image-2023-03-16-at-11.42.51-AM1.jpeg\" data-link=\"https:\/\/www.contraloriaestadoamazonas.gob.ve\/amz\/wp-content\/uploads\/2023\/03\/WhatsApp-Image-2023-03-16-at-11.42.51-AM1.jpeg\" class=\"wp-image-5147\" srcset=\"https:\/\/contraloriaestadoamazonas.gob.ve\/amz\/wp-content\/uploads\/2023\/03\/WhatsApp-Image-2023-03-16-at-11.42.51-AM1-1024x768.jpeg 1024w, https:\/\/contraloriaestadoamazonas.gob.ve\/amz\/wp-content\/uploads\/2023\/03\/WhatsApp-Image-2023-03-16-at-11.42.51-AM1-300x225.jpeg 300w, https:\/\/contraloriaestadoamazonas.gob.ve\/amz\/wp-content\/uploads\/2023\/03\/WhatsApp-Image-2023-03-16-at-11.42.51-AM1-768x576.jpeg 768w, https:\/\/contraloriaestadoamazonas.gob.ve\/amz\/wp-content\/uploads\/2023\/03\/WhatsApp-Image-2023-03-16-at-11.42.51-AM1.jpeg 1080w\" sizes=\"auto, (max-width: 1024px) 100vw, 1024px\" \/><\/a><\/figure><\/li><li class=\"blocks-gallery-item\"><figure><a href=\"https:\/\/www.contraloriaestadoamazonas.gob.ve\/amz\/wp-content\/uploads\/2023\/03\/WhatsApp-Image-2023-03-16-at-11.42.51-AM.jpeg\"><img loading=\"lazy\" decoding=\"async\" width=\"810\" height=\"810\" src=\"https:\/\/www.contraloriaestadoamazonas.gob.ve\/amz\/wp-content\/uploads\/2023\/03\/WhatsApp-Image-2023-03-16-at-11.42.51-AM.jpeg\" alt=\"\" data-id=\"5148\" data-full-url=\"https:\/\/www.contraloriaestadoamazonas.gob.ve\/amz\/wp-content\/uploads\/2023\/03\/WhatsApp-Image-2023-03-16-at-11.42.51-AM.jpeg\" data-link=\"https:\/\/www.contraloriaestadoamazonas.gob.ve\/amz\/wp-content\/uploads\/2023\/03\/WhatsApp-Image-2023-03-16-at-11.42.51-AM.jpeg\" class=\"wp-image-5148\" srcset=\"https:\/\/contraloriaestadoamazonas.gob.ve\/amz\/wp-content\/uploads\/2023\/03\/WhatsApp-Image-2023-03-16-at-11.42.51-AM.jpeg 810w, https:\/\/contraloriaestadoamazonas.gob.ve\/amz\/wp-content\/uploads\/2023\/03\/WhatsApp-Image-2023-03-16-at-11.42.51-AM-300x300.jpeg 300w, https:\/\/contraloriaestadoamazonas.gob.ve\/amz\/wp-content\/uploads\/2023\/03\/WhatsApp-Image-2023-03-16-at-11.42.51-AM-150x150.jpeg 150w, https:\/\/contraloriaestadoamazonas.gob.ve\/amz\/wp-content\/uploads\/2023\/03\/WhatsApp-Image-2023-03-16-at-11.42.51-AM-768x768.jpeg 768w\" sizes=\"auto, (max-width: 810px) 100vw, 810px\" \/><\/a><\/figure><\/li><li class=\"blocks-gallery-item\"><figure><a href=\"https:\/\/www.contraloriaestadoamazonas.gob.ve\/amz\/wp-content\/uploads\/2023\/03\/WhatsApp-Image-2023-03-16-at-11.42.52-AM.jpeg\"><img loading=\"lazy\" decoding=\"async\" width=\"1024\" height=\"768\" src=\"https:\/\/www.contraloriaestadoamazonas.gob.ve\/amz\/wp-content\/uploads\/2023\/03\/WhatsApp-Image-2023-03-16-at-11.42.52-AM-1024x768.jpeg\" alt=\"\" data-id=\"5149\" data-full-url=\"https:\/\/www.contraloriaestadoamazonas.gob.ve\/amz\/wp-content\/uploads\/2023\/03\/WhatsApp-Image-2023-03-16-at-11.42.52-AM.jpeg\" data-link=\"https:\/\/www.contraloriaestadoamazonas.gob.ve\/amz\/wp-content\/uploads\/2023\/03\/WhatsApp-Image-2023-03-16-at-11.42.52-AM.jpeg\" class=\"wp-image-5149\" srcset=\"https:\/\/contraloriaestadoamazonas.gob.ve\/amz\/wp-content\/uploads\/2023\/03\/WhatsApp-Image-2023-03-16-at-11.42.52-AM-1024x768.jpeg 1024w, https:\/\/contraloriaestadoamazonas.gob.ve\/amz\/wp-content\/uploads\/2023\/03\/WhatsApp-Image-2023-03-16-at-11.42.52-AM-300x225.jpeg 300w, https:\/\/contraloriaestadoamazonas.gob.ve\/amz\/wp-content\/uploads\/2023\/03\/WhatsApp-Image-2023-03-16-at-11.42.52-AM-768x576.jpeg 768w, https:\/\/contraloriaestadoamazonas.gob.ve\/amz\/wp-content\/uploads\/2023\/03\/WhatsApp-Image-2023-03-16-at-11.42.52-AM.jpeg 1080w\" sizes=\"auto, (max-width: 1024px) 100vw, 1024px\" \/><\/a><\/figure><\/li><li class=\"blocks-gallery-item\"><figure><a href=\"https:\/\/www.contraloriaestadoamazonas.gob.ve\/amz\/wp-content\/uploads\/2023\/03\/WhatsApp-Image-2023-03-16-at-11.42.54-AM.jpeg\"><img loading=\"lazy\" decoding=\"async\" width=\"1024\" height=\"768\" src=\"https:\/\/www.contraloriaestadoamazonas.gob.ve\/amz\/wp-content\/uploads\/2023\/03\/WhatsApp-Image-2023-03-16-at-11.42.54-AM-1024x768.jpeg\" alt=\"\" data-id=\"5150\" data-full-url=\"https:\/\/www.contraloriaestadoamazonas.gob.ve\/amz\/wp-content\/uploads\/2023\/03\/WhatsApp-Image-2023-03-16-at-11.42.54-AM.jpeg\" data-link=\"https:\/\/www.contraloriaestadoamazonas.gob.ve\/amz\/wp-content\/uploads\/2023\/03\/WhatsApp-Image-2023-03-16-at-11.42.54-AM.jpeg\" class=\"wp-image-5150\" srcset=\"https:\/\/contraloriaestadoamazonas.gob.ve\/amz\/wp-content\/uploads\/2023\/03\/WhatsApp-Image-2023-03-16-at-11.42.54-AM-1024x768.jpeg 1024w, https:\/\/contraloriaestadoamazonas.gob.ve\/amz\/wp-content\/uploads\/2023\/03\/WhatsApp-Image-2023-03-16-at-11.42.54-AM-300x225.jpeg 300w, https:\/\/contraloriaestadoamazonas.gob.ve\/amz\/wp-content\/uploads\/2023\/03\/WhatsApp-Image-2023-03-16-at-11.42.54-AM-768x576.jpeg 768w, https:\/\/contraloriaestadoamazonas.gob.ve\/amz\/wp-content\/uploads\/2023\/03\/WhatsApp-Image-2023-03-16-at-11.42.54-AM.jpeg 1080w\" sizes=\"auto, (max-width: 1024px) 100vw, 1024px\" \/><\/a><\/figure><\/li><\/ul><\/figure>\n\n\n\n<h1 class=\"wp-block-heading\">NOTICEA<\/h1>\n\n\n\n<h1 class=\"wp-block-heading\">15Marzo<\/h1>\n\n\n\n<p>Contralor Dr. C\u00e9sar Sanguinetti, hizo entrega del Informe de Gesti\u00f3n al Contralor General de la Rep\u00fablica.<\/p>\n\n\n\n<p>El Contralor del estado Amazonas, asisti\u00f3 a la Contraloria General de la Rep\u00fablica, con la finalidad de hacer entrega al Contralor General de la Rep\u00fablica Dr. Elvis Amoroso, del informe de Gesti\u00f3n correspondiente al a\u00f1o 2022, cumpliendo con el principio de rendici\u00f3n de cuenta establecido Constitucionalmente.<\/p>\n\n\n\n<p>En la entrega estuvieron presentes el Subcontralor Cnel. Peraza, el Director de Estados y Municipios Lcdo. \u00c1ngelo Rivas, el Director General de los Poderes P\u00fablicos Nacionales Dr. Wilkar Gonz\u00e1lez, la Directora de Estados Lcda. Yurbi Ni\u00f1o y la Directora de Comunicaci\u00f3n Osmeyrit Osuna.<\/p>\n\n\n\n<p>Por su parte la m\u00e1xima Autoridad Contralora, felicit\u00f3 al Contralor Sanguinetti y a todo su equipo de trabajo, por hacer que el Sistema Nacional de Control Fiscal cada d\u00eda tenga m\u00e1s fuerza y poder detectar de manera temprana y oportuna cualquier hecho de corrupci\u00f3n.<\/p>\n\n\n\n<p><\/p>\n","protected":false},"excerpt":{"rendered":"<p>NOTICEA 15Marzo Contralor Dr. C\u00e9sar Sanguinetti, hizo entrega del Informe de Gesti\u00f3n al Contralor General de la Rep\u00fablica. El Contralor del estado Amazonas, asisti\u00f3 a la Contraloria General de la Rep\u00fablica, con la finalidad de hacer entrega al Contralor General &hellip; <a class=\"more-link\" href=\"https:\/\/contraloriaestadoamazonas.gob.ve\/amz\/2023\/03\/contralor-dr-cesar-sanguinetti-hizo-entrega-del-informe-de-gestion-al-contralor-general-de-la-republica\/\">Sigue leyendo <span class=\"meta-nav\">&rarr;<\/span><\/a><\/p>\n","protected":false},"author":10,"featured_media":0,"comment_status":"closed","ping_status":"closed","sticky":false,"template":"","format":"gallery","meta":{"footnotes":""},"categories":[1],"tags":[],"class_list":["post-5145","post","type-post","status-publish","format-gallery","hentry","category-sin-categoria","post_format-post-format-gallery"],"_links":{"self":[{"href":"https:\/\/contraloriaestadoamazonas.gob.ve\/amz\/wp-json\/wp\/v2\/posts\/5145","targetHints":{"allow":["GET"]}}],"collection":[{"href":"https:\/\/contraloriaestadoamazonas.gob.ve\/amz\/wp-json\/wp\/v2\/posts"}],"about":[{"href":"https:\/\/contraloriaestadoamazonas.gob.ve\/amz\/wp-json\/wp\/v2\/types\/post"}],"author":[{"embeddable":true,"href":"https:\/\/contraloriaestadoamazonas.gob.ve\/amz\/wp-json\/wp\/v2\/users\/10"}],"replies":[{"embeddable":true,"href":"https:\/\/contraloriaestadoamazonas.gob.ve\/amz\/wp-json\/wp\/v2\/comments?post=5145"}],"version-history":[{"count":1,"href":"https:\/\/contraloriaestadoamazonas.gob.ve\/amz\/wp-json\/wp\/v2\/posts\/5145\/revisions"}],"predecessor-version":[{"id":5151,"href":"https:\/\/contraloriaestadoamazonas.gob.ve\/amz\/wp-json\/wp\/v2\/posts\/5145\/revisions\/5151"}],"wp:attachment":[{"href":"https:\/\/contraloriaestadoamazonas.gob.ve\/amz\/wp-json\/wp\/v2\/media?parent=5145"}],"wp:term":[{"taxonomy":"category","embeddable":true,"href":"https:\/\/contraloriaestadoamazonas.gob.ve\/amz\/wp-json\/wp\/v2\/categories?post=5145"},{"taxonomy":"post_tag","embeddable":true,"href":"https:\/\/contraloriaestadoamazonas.gob.ve\/amz\/wp-json\/wp\/v2\/tags?post=5145"}],"curies":[{"name":"wp","href":"https:\/\/api.w.org\/{rel}","templated":true}]}}