{"id":5155,"date":"2023-04-13T10:18:31","date_gmt":"2023-04-13T14:48:31","guid":{"rendered":"https:\/\/www.contraloriaestadoamazonas.gob.ve\/amz\/?p=5155"},"modified":"2023-04-13T10:18:35","modified_gmt":"2023-04-13T14:48:35","slug":"contralor-elvis-amoroso-dicto-clase-magistral-sobre-politicas-publicas-en-al-ambito-nacional-e-internacional","status":"publish","type":"post","link":"https:\/\/contraloriaestadoamazonas.gob.ve\/amz\/2023\/04\/contralor-elvis-amoroso-dicto-clase-magistral-sobre-politicas-publicas-en-al-ambito-nacional-e-internacional\/","title":{"rendered":"Contralor Elvis Amoroso dict\u00f3 clase magistral sobre pol\u00edticas p\u00fablicas en al \u00e1mbito nacional e internacional."},"content":{"rendered":"\n<figure class=\"wp-block-gallery columns-2 is-cropped wp-block-gallery-1 is-layout-flex wp-block-gallery-is-layout-flex\"><ul class=\"blocks-gallery-grid\"><li class=\"blocks-gallery-item\"><figure><a href=\"https:\/\/www.contraloriaestadoamazonas.gob.ve\/amz\/wp-content\/uploads\/2023\/04\/IMG_3518-scaled.jpg\"><img loading=\"lazy\" decoding=\"async\" width=\"1024\" height=\"683\" src=\"https:\/\/www.contraloriaestadoamazonas.gob.ve\/amz\/wp-content\/uploads\/2023\/04\/IMG_3518-1024x683.jpg\" alt=\"\" data-id=\"5156\" data-full-url=\"https:\/\/www.contraloriaestadoamazonas.gob.ve\/amz\/wp-content\/uploads\/2023\/04\/IMG_3518-scaled.jpg\" data-link=\"https:\/\/www.contraloriaestadoamazonas.gob.ve\/amz\/wp-content\/uploads\/2023\/04\/IMG_3518-scaled.jpg\" class=\"wp-image-5156\" srcset=\"https:\/\/contraloriaestadoamazonas.gob.ve\/amz\/wp-content\/uploads\/2023\/04\/IMG_3518-1024x683.jpg 1024w, https:\/\/contraloriaestadoamazonas.gob.ve\/amz\/wp-content\/uploads\/2023\/04\/IMG_3518-300x200.jpg 300w, https:\/\/contraloriaestadoamazonas.gob.ve\/amz\/wp-content\/uploads\/2023\/04\/IMG_3518-768x512.jpg 768w, https:\/\/contraloriaestadoamazonas.gob.ve\/amz\/wp-content\/uploads\/2023\/04\/IMG_3518-1536x1024.jpg 1536w, https:\/\/contraloriaestadoamazonas.gob.ve\/amz\/wp-content\/uploads\/2023\/04\/IMG_3518-2048x1365.jpg 2048w\" sizes=\"auto, (max-width: 1024px) 100vw, 1024px\" \/><\/a><\/figure><\/li><li class=\"blocks-gallery-item\"><figure><a href=\"https:\/\/www.contraloriaestadoamazonas.gob.ve\/amz\/wp-content\/uploads\/2023\/04\/IMG-20230327-WA0032.jpg\"><img loading=\"lazy\" decoding=\"async\" width=\"1024\" height=\"782\" src=\"https:\/\/www.contraloriaestadoamazonas.gob.ve\/amz\/wp-content\/uploads\/2023\/04\/IMG-20230327-WA0032-1024x782.jpg\" alt=\"\" data-id=\"5157\" data-full-url=\"https:\/\/www.contraloriaestadoamazonas.gob.ve\/amz\/wp-content\/uploads\/2023\/04\/IMG-20230327-WA0032.jpg\" data-link=\"https:\/\/www.contraloriaestadoamazonas.gob.ve\/amz\/wp-content\/uploads\/2023\/04\/IMG-20230327-WA0032.jpg\" class=\"wp-image-5157\" srcset=\"https:\/\/contraloriaestadoamazonas.gob.ve\/amz\/wp-content\/uploads\/2023\/04\/IMG-20230327-WA0032-1024x782.jpg 1024w, https:\/\/contraloriaestadoamazonas.gob.ve\/amz\/wp-content\/uploads\/2023\/04\/IMG-20230327-WA0032-300x229.jpg 300w, https:\/\/contraloriaestadoamazonas.gob.ve\/amz\/wp-content\/uploads\/2023\/04\/IMG-20230327-WA0032-768x587.jpg 768w, https:\/\/contraloriaestadoamazonas.gob.ve\/amz\/wp-content\/uploads\/2023\/04\/IMG-20230327-WA0032.jpg 1080w\" sizes=\"auto, (max-width: 1024px) 100vw, 1024px\" \/><\/a><\/figure><\/li><\/ul><\/figure>\n\n\n\n<p><em>En este encuentro se realiz\u00f3 la firma del Convenio Marco de Cooperaci\u00f3n Interinstitucional entre el Ministerio del Poder Popular para Relaciones Exteriores y la Contralor\u00eda General de la Rep\u00fablica Bolivariana de Venezuela<\/em><br><br>PrensaCGR \/ Periodista: Andr\u00e9s Varela \/ Foto: Leonardo Silva. El Presidente del Poder Moral y Contralor General de la Rep\u00fablica, Elvis Amoroso, realiz\u00f3 una participaci\u00f3n en condici\u00f3n de ponente con la exposici\u00f3n \u00abSupremac\u00eda Constitucional\u00bb, en el ciclo de clases magistrales, mediante el m\u00f3dulo de pol\u00edticas p\u00fablicas en el \u00e1mbito nacional e internacional. Asimismo el Contralor, desde el Sal\u00f3n Sim\u00f3n Bol\u00edvar, reflej\u00f3 su firma en el Convenio Marco de Cooperaci\u00f3n, fortaleciendo las relaciones interinstitucionales de la CGR y el Ministerio del Poder Popular para Relaciones Exteriores.<br><br>En este sentido, el presidente del Consejo Moral Republicano, Elvis Amoroso comparti\u00f3 espacios durante la cita con el ministro de Relaciones Exteriores y canciller de la Rep\u00fablica, Yv\u00e1n Gil, &nbsp;ambos estuvieron acompa\u00f1ados por la presidenta del Instituto de Altos Estudios de Control Fiscal y Auditor\u00eda de Estado, Odalis Arteaga; y el presidente del Instituto de Altos Estudios Diplom\u00e1ticos \u00abPedro Gual\u00bb, Iv\u00e1n Zerpa, ambos m\u00e1ximos representantes de los entes educativos de cada instituci\u00f3n.<br><br>Durante su intervenci\u00f3n, Amoroso destac\u00f3 el principio te\u00f3rico del Derecho constitucional que postula, originalmente, ubicar la Constituci\u00f3n de nuestro pa\u00eds jer\u00e1rquicamente por encima de cualquier otro ordenamiento jur\u00eddico nacional, consider\u00e1ndola como Ley Suprema del Estado y fundamento del sistema jur\u00eddico. De igual manera, resalt\u00f3 cada una de las ramas que integran el Poder P\u00fablico y sus respectivas funciones propias, pero los \u00f3rganos a los que incumbe su ejercicio colaborar\u00e1n entre s\u00ed en la realizaci\u00f3n de los fines del Estado.<br><br>Al t\u00e9rmino de las intervenciones, se procedi\u00f3 a la firma del Convenio Marco de Cooperaci\u00f3n, en donde el Canciller y el Contralor plasmaron sus firmas con el objeto de establecer mecanismos de cooperaci\u00f3n en docencia, extensi\u00f3n, investigaci\u00f3n e interrelaci\u00f3n del conocimiento al servicio de la sociedad, fomentando las relaciones entre el Instituto de Altos Estudios Diplom\u00e1ticos \u00abPedro Gual\u00bb y el Instituto de Altos Estudios de Control Fiscal y Auditor\u00eda de Estado con la finalidad de satisfacer las demandas acad\u00e9micas de ambas instituciones, mediante el intercambio de docentes, estudiantes y programas.<\/p>\n","protected":false},"excerpt":{"rendered":"<p>En este encuentro se realiz\u00f3 la firma del Convenio Marco de Cooperaci\u00f3n Interinstitucional entre el Ministerio del Poder Popular para Relaciones Exteriores y la Contralor\u00eda General de la Rep\u00fablica Bolivariana de Venezuela PrensaCGR \/ Periodista: Andr\u00e9s Varela \/ Foto: Leonardo &hellip; <a class=\"more-link\" href=\"https:\/\/contraloriaestadoamazonas.gob.ve\/amz\/2023\/04\/contralor-elvis-amoroso-dicto-clase-magistral-sobre-politicas-publicas-en-al-ambito-nacional-e-internacional\/\">Sigue leyendo <span class=\"meta-nav\">&rarr;<\/span><\/a><\/p>\n","protected":false},"author":10,"featured_media":0,"comment_status":"closed","ping_status":"closed","sticky":false,"template":"","format":"gallery","meta":{"footnotes":""},"categories":[1],"tags":[],"class_list":["post-5155","post","type-post","status-publish","format-gallery","hentry","category-sin-categoria","post_format-post-format-gallery"],"_links":{"self":[{"href":"https:\/\/contraloriaestadoamazonas.gob.ve\/amz\/wp-json\/wp\/v2\/posts\/5155","targetHints":{"allow":["GET"]}}],"collection":[{"href":"https:\/\/contraloriaestadoamazonas.gob.ve\/amz\/wp-json\/wp\/v2\/posts"}],"about":[{"href":"https:\/\/contraloriaestadoamazonas.gob.ve\/amz\/wp-json\/wp\/v2\/types\/post"}],"author":[{"embeddable":true,"href":"https:\/\/contraloriaestadoamazonas.gob.ve\/amz\/wp-json\/wp\/v2\/users\/10"}],"replies":[{"embeddable":true,"href":"https:\/\/contraloriaestadoamazonas.gob.ve\/amz\/wp-json\/wp\/v2\/comments?post=5155"}],"version-history":[{"count":1,"href":"https:\/\/contraloriaestadoamazonas.gob.ve\/amz\/wp-json\/wp\/v2\/posts\/5155\/revisions"}],"predecessor-version":[{"id":5158,"href":"https:\/\/contraloriaestadoamazonas.gob.ve\/amz\/wp-json\/wp\/v2\/posts\/5155\/revisions\/5158"}],"wp:attachment":[{"href":"https:\/\/contraloriaestadoamazonas.gob.ve\/amz\/wp-json\/wp\/v2\/media?parent=5155"}],"wp:term":[{"taxonomy":"category","embeddable":true,"href":"https:\/\/contraloriaestadoamazonas.gob.ve\/amz\/wp-json\/wp\/v2\/categories?post=5155"},{"taxonomy":"post_tag","embeddable":true,"href":"https:\/\/contraloriaestadoamazonas.gob.ve\/amz\/wp-json\/wp\/v2\/tags?post=5155"}],"curies":[{"name":"wp","href":"https:\/\/api.w.org\/{rel}","templated":true}]}}