{"id":5175,"date":"2024-02-07T13:10:48","date_gmt":"2024-02-07T17:40:48","guid":{"rendered":"https:\/\/www.contraloriaestadoamazonas.gob.ve\/amz\/?p=5175"},"modified":"2024-02-07T13:10:54","modified_gmt":"2024-02-07T17:40:54","slug":"reunion-del-contralor-del-estado-dr-cesar-sanguinetti-con-la-nueva-contralora-del-municipio-maroa","status":"publish","type":"post","link":"https:\/\/contraloriaestadoamazonas.gob.ve\/amz\/2024\/02\/reunion-del-contralor-del-estado-dr-cesar-sanguinetti-con-la-nueva-contralora-del-municipio-maroa\/","title":{"rendered":"Reuni\u00f3n del Contralor del estado Dr. Cesar Sanguinetti, con la nueva contralora del municipio Maroa."},"content":{"rendered":"\n<figure class=\"wp-block-gallery columns-2 is-cropped wp-block-gallery-1 is-layout-flex wp-block-gallery-is-layout-flex\"><ul class=\"blocks-gallery-grid\"><li class=\"blocks-gallery-item\"><figure><a href=\"https:\/\/www.contraloriaestadoamazonas.gob.ve\/amz\/wp-content\/uploads\/2024\/02\/WhatsApp-Image-2024-02-07-at-6.32.04-PM.jpeg\"><img loading=\"lazy\" decoding=\"async\" width=\"960\" height=\"960\" src=\"https:\/\/www.contraloriaestadoamazonas.gob.ve\/amz\/wp-content\/uploads\/2024\/02\/WhatsApp-Image-2024-02-07-at-6.32.04-PM.jpeg\" alt=\"\" data-id=\"5176\" data-full-url=\"https:\/\/www.contraloriaestadoamazonas.gob.ve\/amz\/wp-content\/uploads\/2024\/02\/WhatsApp-Image-2024-02-07-at-6.32.04-PM.jpeg\" data-link=\"https:\/\/www.contraloriaestadoamazonas.gob.ve\/amz\/wp-content\/uploads\/2024\/02\/WhatsApp-Image-2024-02-07-at-6.32.04-PM.jpeg\" class=\"wp-image-5176\" srcset=\"https:\/\/contraloriaestadoamazonas.gob.ve\/amz\/wp-content\/uploads\/2024\/02\/WhatsApp-Image-2024-02-07-at-6.32.04-PM.jpeg 960w, https:\/\/contraloriaestadoamazonas.gob.ve\/amz\/wp-content\/uploads\/2024\/02\/WhatsApp-Image-2024-02-07-at-6.32.04-PM-300x300.jpeg 300w, https:\/\/contraloriaestadoamazonas.gob.ve\/amz\/wp-content\/uploads\/2024\/02\/WhatsApp-Image-2024-02-07-at-6.32.04-PM-150x150.jpeg 150w, https:\/\/contraloriaestadoamazonas.gob.ve\/amz\/wp-content\/uploads\/2024\/02\/WhatsApp-Image-2024-02-07-at-6.32.04-PM-768x768.jpeg 768w\" sizes=\"auto, (max-width: 960px) 100vw, 960px\" \/><\/a><\/figure><\/li><li class=\"blocks-gallery-item\"><figure><a href=\"https:\/\/www.contraloriaestadoamazonas.gob.ve\/amz\/wp-content\/uploads\/2024\/02\/WhatsApp-Image-2024-02-07-at-6.31.30-PM.jpeg\"><img loading=\"lazy\" decoding=\"async\" width=\"1024\" height=\"1024\" src=\"https:\/\/www.contraloriaestadoamazonas.gob.ve\/amz\/wp-content\/uploads\/2024\/02\/WhatsApp-Image-2024-02-07-at-6.31.30-PM-1024x1024.jpeg\" alt=\"\" data-id=\"5177\" data-full-url=\"https:\/\/www.contraloriaestadoamazonas.gob.ve\/amz\/wp-content\/uploads\/2024\/02\/WhatsApp-Image-2024-02-07-at-6.31.30-PM.jpeg\" data-link=\"https:\/\/www.contraloriaestadoamazonas.gob.ve\/amz\/wp-content\/uploads\/2024\/02\/WhatsApp-Image-2024-02-07-at-6.31.30-PM.jpeg\" class=\"wp-image-5177\" srcset=\"https:\/\/contraloriaestadoamazonas.gob.ve\/amz\/wp-content\/uploads\/2024\/02\/WhatsApp-Image-2024-02-07-at-6.31.30-PM-1024x1024.jpeg 1024w, https:\/\/contraloriaestadoamazonas.gob.ve\/amz\/wp-content\/uploads\/2024\/02\/WhatsApp-Image-2024-02-07-at-6.31.30-PM-300x300.jpeg 300w, https:\/\/contraloriaestadoamazonas.gob.ve\/amz\/wp-content\/uploads\/2024\/02\/WhatsApp-Image-2024-02-07-at-6.31.30-PM-150x150.jpeg 150w, https:\/\/contraloriaestadoamazonas.gob.ve\/amz\/wp-content\/uploads\/2024\/02\/WhatsApp-Image-2024-02-07-at-6.31.30-PM-768x768.jpeg 768w, https:\/\/contraloriaestadoamazonas.gob.ve\/amz\/wp-content\/uploads\/2024\/02\/WhatsApp-Image-2024-02-07-at-6.31.30-PM.jpeg 1080w\" sizes=\"auto, (max-width: 1024px) 100vw, 1024px\" \/><\/a><\/figure><\/li><\/ul><figcaption class=\"blocks-gallery-caption\">CEA.- Bajo la supervisi\u00f3n del Contralor General de la Rep\u00fablica, Dr. Jhosnel Peraza, el Contralor del estado Amazonas, Dr. C\u00e9sar Sanguinetti, sostuvo una reuni\u00f3n durante la ma\u00f1ana del lunes 5 de febrero con la nueva Contralora del municipio Maroa, Ciudadana Liliana V\u00e1zquez, El prop\u00f3sito de este encuentro fue establecer los lineamientos fundamentales en relaci\u00f3n con el Sistema Nacional de Control Fiscal. Durante la reuni\u00f3n, estuvieron presentes el director general Abg. Wilmer \u00c1ngel y la directora de Control posterior Lcda. Sara Lara, quienes proporcionaron informaci\u00f3n sobre el proceso de auditor\u00eda, facultades de investigaci\u00f3n, denuncias, entre otros aspectos relevantes para continuar avanzando en el desarrollo del SNCF dentro del estado Amazonas.<br>Amazonas #CEA #Vzla #Municipio #CGRVenezuela<\/figcaption><\/figure>\n\n\n\n<p><\/p>\n","protected":false},"excerpt":{"rendered":"","protected":false},"author":10,"featured_media":0,"comment_status":"closed","ping_status":"closed","sticky":false,"template":"","format":"standard","meta":{"footnotes":""},"categories":[1],"tags":[],"class_list":["post-5175","post","type-post","status-publish","format-standard","hentry","category-sin-categoria"],"_links":{"self":[{"href":"https:\/\/contraloriaestadoamazonas.gob.ve\/amz\/wp-json\/wp\/v2\/posts\/5175","targetHints":{"allow":["GET"]}}],"collection":[{"href":"https:\/\/contraloriaestadoamazonas.gob.ve\/amz\/wp-json\/wp\/v2\/posts"}],"about":[{"href":"https:\/\/contraloriaestadoamazonas.gob.ve\/amz\/wp-json\/wp\/v2\/types\/post"}],"author":[{"embeddable":true,"href":"https:\/\/contraloriaestadoamazonas.gob.ve\/amz\/wp-json\/wp\/v2\/users\/10"}],"replies":[{"embeddable":true,"href":"https:\/\/contraloriaestadoamazonas.gob.ve\/amz\/wp-json\/wp\/v2\/comments?post=5175"}],"version-history":[{"count":1,"href":"https:\/\/contraloriaestadoamazonas.gob.ve\/amz\/wp-json\/wp\/v2\/posts\/5175\/revisions"}],"predecessor-version":[{"id":5178,"href":"https:\/\/contraloriaestadoamazonas.gob.ve\/amz\/wp-json\/wp\/v2\/posts\/5175\/revisions\/5178"}],"wp:attachment":[{"href":"https:\/\/contraloriaestadoamazonas.gob.ve\/amz\/wp-json\/wp\/v2\/media?parent=5175"}],"wp:term":[{"taxonomy":"category","embeddable":true,"href":"https:\/\/contraloriaestadoamazonas.gob.ve\/amz\/wp-json\/wp\/v2\/categories?post=5175"},{"taxonomy":"post_tag","embeddable":true,"href":"https:\/\/contraloriaestadoamazonas.gob.ve\/amz\/wp-json\/wp\/v2\/tags?post=5175"}],"curies":[{"name":"wp","href":"https:\/\/api.w.org\/{rel}","templated":true}]}}