{"id":536,"date":"2011-11-23T10:27:45","date_gmt":"2011-11-23T14:57:45","guid":{"rendered":"http:\/\/www.contraloriaestadoamazonas.gob.ve\/amz\/?p=536"},"modified":"2013-08-16T13:16:00","modified_gmt":"2013-08-16T17:46:00","slug":"taller-sobre-orientaciones-administrativas-para-organos-y-entidades-estadales-y-municipales","status":"publish","type":"post","link":"https:\/\/contraloriaestadoamazonas.gob.ve\/amz\/2011\/11\/taller-sobre-orientaciones-administrativas-para-organos-y-entidades-estadales-y-municipales\/","title":{"rendered":"Taller sobre Orientaciones Administrativas para \u00d3rganos y Entidades Estadales y Municipales."},"content":{"rendered":"<p style=\"text-align: justify;\"><a href=\"http:\/\/www.contraloriaestadoamazonas.gob.ve\/amz\/wp-content\/uploads\/2011\/11\/DSC00571-Small.jpg\"><img loading=\"lazy\" decoding=\"async\" class=\"alignright size-medium wp-image-540\" alt=\"Contralor y Ponentes de la CGR\" src=\"http:\/\/www.contraloriaestadoamazonas.gob.ve\/amz\/wp-content\/uploads\/2011\/11\/DSC00571-Small-300x200.jpg\" width=\"300\" height=\"200\" srcset=\"https:\/\/contraloriaestadoamazonas.gob.ve\/amz\/wp-content\/uploads\/2011\/11\/DSC00571-Small-300x200.jpg 300w, https:\/\/contraloriaestadoamazonas.gob.ve\/amz\/wp-content\/uploads\/2011\/11\/DSC00571-Small.jpg 640w\" sizes=\"auto, (max-width: 300px) 100vw, 300px\" \/><\/a>El d\u00eda 17 de Noviembre de 2011,<strong> <\/strong>la Contralor\u00eda del estado Amazonas, con el prop\u00f3sito de fortalecer los Sistemas y Procedimientos llevados a cabo por la Administraci\u00f3n Publica del Estado, Municipio y de los entes Centralizados y Descentralizados, dicto el taller sobre \u201cOrientaciones Administrativas para los \u00d3rganos y Entidades Estadales y municipales, conjuntamente con personalidades de la Contralor\u00eda General de la Republica, como son: Teresa Fern\u00e1ndez, Directora de Sistema de Control, Morelis Milla, Directora de Control de Municipios y Mayrim R\u00edos, Abogado Supervisor.<\/p>\n<p style=\"text-align: justify;\">\u00a0<a href=\"http:\/\/www.contraloriaestadoamazonas.gob.ve\/amz\/wp-content\/uploads\/2011\/11\/DSC00456-Small.jpg\"><img loading=\"lazy\" decoding=\"async\" class=\"alignleft size-medium wp-image-539\" alt=\"Contraloras y Contralores Invitados\" src=\"http:\/\/www.contraloriaestadoamazonas.gob.ve\/amz\/wp-content\/uploads\/2011\/11\/DSC00456-Small-300x200.jpg\" width=\"300\" height=\"200\" srcset=\"https:\/\/contraloriaestadoamazonas.gob.ve\/amz\/wp-content\/uploads\/2011\/11\/DSC00456-Small-300x200.jpg 300w, https:\/\/contraloriaestadoamazonas.gob.ve\/amz\/wp-content\/uploads\/2011\/11\/DSC00456-Small.jpg 640w\" sizes=\"auto, (max-width: 300px) 100vw, 300px\" \/><\/a>Se cont\u00f3 con la participaci\u00f3n de los m\u00e1s altos funcionarios del Estado y de los Municipios, entre los cuales cabe destacar, el Gobernador del Estado, Liborio Guarulla, el Alcalde del Municipio Atures, Omar Pati\u00f1o, el Alcalde del Municipio Autana, Jos\u00e9 Tomas Correa, el Alcalde del Municipio Atabapo, Nelson Cayupare, Alcalde del Municipio Manapiare, Alberto Cayupare, tambi\u00e9n se cont\u00f3 con la presencia de los Contralores de los Municipios Atures Sorangela Rodr\u00edguez, Manapiare Luz Esther Farias \u00a0y \u00a0de Autana Jos\u00e9 Chac\u00edn. Tambi\u00e9n asistieron al taller los Contralores de los estados, Bol\u00edvar Glynis Hern\u00e1ndez, Delta Amacuro Freddy Cudjoe y Barinas Asdr\u00fabal Romero, la Presidenta del Consejo Legislativo del Estado con algunos Legisladores, la procuradora del Estado, Auditores Internos y Administradores de los distintos \u00d3rganos y Entidades entre otros\u2026<\/p>\n<p style=\"text-align: justify;\"><a href=\"http:\/\/www.contraloriaestadoamazonas.gob.ve\/amz\/wp-content\/uploads\/2011\/11\/DSC_4644-Small.jpg\"><img loading=\"lazy\" decoding=\"async\" class=\"alignright size-medium wp-image-537\" alt=\"Asistentes al Taller\" src=\"http:\/\/www.contraloriaestadoamazonas.gob.ve\/amz\/wp-content\/uploads\/2011\/11\/DSC_4644-Small-300x200.jpg\" width=\"300\" height=\"200\" srcset=\"https:\/\/contraloriaestadoamazonas.gob.ve\/amz\/wp-content\/uploads\/2011\/11\/DSC_4644-Small-300x200.jpg 300w, https:\/\/contraloriaestadoamazonas.gob.ve\/amz\/wp-content\/uploads\/2011\/11\/DSC_4644-Small.jpg 640w\" sizes=\"auto, (max-width: 300px) 100vw, 300px\" \/><\/a>\u00a0El taller \u00a0enfoco su tem\u00e1tica b\u00e1sicamente sobre el Sistema Nacional de Control Fiscal, el rol Rector de la Contralor\u00eda General de la Republica, sus actores, beneficios y principios; la Organizaci\u00f3n y Funcionamiento de las Unidades de Auditorias Internas, sus alcances,\u00a0 competencias y los lineamientos dictados por la M\u00e1xima Instituci\u00f3n Fiscalizadora sobre la Materia, de igual manera se desarrollaron temas como la autonom\u00eda Estadal y Municipal, sus Alcances y Limitaciones, el Sistema de Control Interno, Presupuesto, R\u00e9gimen de los Bienes, Registro de Auditores Internos en Materia de Control, R\u00e9gimen de Personal, Ejidos y las Obligaciones Vinculadas con la Presentaci\u00f3n de la Declaraci\u00f3n Jurada de Patrimonio.<\/p>\n<p><center><br \/>\n[fgallery id=2 w=500 h=385 t=0 title=\u00bbTaller\u00bb]<\/center><\/p>\n","protected":false},"excerpt":{"rendered":"<p>El d\u00eda 17 de Noviembre de 2011, la Contralor\u00eda del estado Amazonas, con el prop\u00f3sito de fortalecer los Sistemas y Procedimientos llevados a cabo por la Administraci\u00f3n Publica del Estado, Municipio y de los entes Centralizados y Descentralizados, dicto el &hellip; <a class=\"more-link\" href=\"https:\/\/contraloriaestadoamazonas.gob.ve\/amz\/2011\/11\/taller-sobre-orientaciones-administrativas-para-organos-y-entidades-estadales-y-municipales\/\">Sigue leyendo <span class=\"meta-nav\">&rarr;<\/span><\/a><\/p>\n","protected":false},"author":2,"featured_media":540,"comment_status":"closed","ping_status":"closed","sticky":false,"template":"","format":"gallery","meta":{"footnotes":""},"categories":[33],"tags":[],"class_list":["post-536","post","type-post","status-publish","format-gallery","has-post-thumbnail","hentry","category-noticias","post_format-post-format-gallery"],"_links":{"self":[{"href":"https:\/\/contraloriaestadoamazonas.gob.ve\/amz\/wp-json\/wp\/v2\/posts\/536","targetHints":{"allow":["GET"]}}],"collection":[{"href":"https:\/\/contraloriaestadoamazonas.gob.ve\/amz\/wp-json\/wp\/v2\/posts"}],"about":[{"href":"https:\/\/contraloriaestadoamazonas.gob.ve\/amz\/wp-json\/wp\/v2\/types\/post"}],"author":[{"embeddable":true,"href":"https:\/\/contraloriaestadoamazonas.gob.ve\/amz\/wp-json\/wp\/v2\/users\/2"}],"replies":[{"embeddable":true,"href":"https:\/\/contraloriaestadoamazonas.gob.ve\/amz\/wp-json\/wp\/v2\/comments?post=536"}],"version-history":[{"count":16,"href":"https:\/\/contraloriaestadoamazonas.gob.ve\/amz\/wp-json\/wp\/v2\/posts\/536\/revisions"}],"predecessor-version":[{"id":722,"href":"https:\/\/contraloriaestadoamazonas.gob.ve\/amz\/wp-json\/wp\/v2\/posts\/536\/revisions\/722"}],"wp:featuredmedia":[{"embeddable":true,"href":"https:\/\/contraloriaestadoamazonas.gob.ve\/amz\/wp-json\/wp\/v2\/media\/540"}],"wp:attachment":[{"href":"https:\/\/contraloriaestadoamazonas.gob.ve\/amz\/wp-json\/wp\/v2\/media?parent=536"}],"wp:term":[{"taxonomy":"category","embeddable":true,"href":"https:\/\/contraloriaestadoamazonas.gob.ve\/amz\/wp-json\/wp\/v2\/categories?post=536"},{"taxonomy":"post_tag","embeddable":true,"href":"https:\/\/contraloriaestadoamazonas.gob.ve\/amz\/wp-json\/wp\/v2\/tags?post=536"}],"curies":[{"name":"wp","href":"https:\/\/api.w.org\/{rel}","templated":true}]}}