{"id":555,"date":"2011-11-30T10:11:30","date_gmt":"2011-11-30T14:41:30","guid":{"rendered":"http:\/\/www.contraloriaestadoamazonas.gob.ve\/amz\/?p=555"},"modified":"2013-01-08T09:56:54","modified_gmt":"2013-01-08T14:26:54","slug":"hacia-el-fortalecimiento-de-la-participacion-ciudadana-la-oficina-de-atencion-al-ciudadano-dictara-taller-de-contraloria-social","status":"publish","type":"post","link":"https:\/\/contraloriaestadoamazonas.gob.ve\/amz\/2011\/11\/hacia-el-fortalecimiento-de-la-participacion-ciudadana-la-oficina-de-atencion-al-ciudadano-dictara-taller-de-contraloria-social\/","title":{"rendered":"Hacia el Fortalecimiento de la Participaci\u00f3n Ciudadana la Oficina de Atenci\u00f3n al Ciudadano Dictara Taller de Contralor\u00eda Social"},"content":{"rendered":"<p style=\"text-align: justify;\">La Oficina de Atenci\u00f3n al Ciudadano inici\u00f3 taller de formaci\u00f3n de Contralor\u00eda Indigena en la Comunidad de la etnia curripaco \u00abSamaria\u00bb; ubicada en el eje carretero sur-este del Municipio Atures.<\/p>\n<p style=\"text-align: justify;\">La actividad se desarrollar\u00e1 en la Unidad Educativa \u00abAguanume\u00bb, desde el d\u00eda martes 29 de noviembre hasta el viernes 02 de diciembre, en horas de la tarde y estaran participando las comunidades 5 de julio, Las Pavas, Babel, Samaria y Gavilan, con el proposito de incentivar y fortalcer la participaci\u00f3n ciudadana y la contralor\u00eda social en los sectores organizados del estado.<\/p>\n<p style=\"text-align: justify;\">La apertura del taller la realizo la Lcda. Nancys Ortiz, Jefa de la AOC, abordando la misi\u00f3n y visi\u00f3n de la oficina de Atenci\u00f3n al Ciudadano, bases legales de la participaci\u00f3n ciudadana, el rol fundamental de los contralores sociales.<\/p>\n<p style=\"text-align: justify;\">La entrega de certificados se efectura el dia 06 de diciembre, en presencia del Contralor del Estado Amazonas Lcdo. Humberto G\u00f3mez Farias y la Lcda. Nancy Ortiz de la Oficina de Atenci\u00f3n al Ciudadano.<\/p>\n<p>&nbsp;<\/p>\n","protected":false},"excerpt":{"rendered":"<p>La Oficina de Atenci\u00f3n al Ciudadano inici\u00f3 taller de formaci\u00f3n de Contralor\u00eda Indigena en la Comunidad de la etnia curripaco \u00abSamaria\u00bb; ubicada en el eje carretero sur-este del Municipio Atures. La actividad se desarrollar\u00e1 en la Unidad Educativa \u00abAguanume\u00bb, desde &hellip; <a class=\"more-link\" href=\"https:\/\/contraloriaestadoamazonas.gob.ve\/amz\/2011\/11\/hacia-el-fortalecimiento-de-la-participacion-ciudadana-la-oficina-de-atencion-al-ciudadano-dictara-taller-de-contraloria-social\/\">Sigue leyendo <span class=\"meta-nav\">&rarr;<\/span><\/a><\/p>\n","protected":false},"author":2,"featured_media":0,"comment_status":"closed","ping_status":"closed","sticky":false,"template":"","format":"gallery","meta":{"footnotes":""},"categories":[11],"tags":[],"class_list":["post-555","post","type-post","status-publish","format-gallery","hentry","category-oac","post_format-post-format-gallery"],"_links":{"self":[{"href":"https:\/\/contraloriaestadoamazonas.gob.ve\/amz\/wp-json\/wp\/v2\/posts\/555","targetHints":{"allow":["GET"]}}],"collection":[{"href":"https:\/\/contraloriaestadoamazonas.gob.ve\/amz\/wp-json\/wp\/v2\/posts"}],"about":[{"href":"https:\/\/contraloriaestadoamazonas.gob.ve\/amz\/wp-json\/wp\/v2\/types\/post"}],"author":[{"embeddable":true,"href":"https:\/\/contraloriaestadoamazonas.gob.ve\/amz\/wp-json\/wp\/v2\/users\/2"}],"replies":[{"embeddable":true,"href":"https:\/\/contraloriaestadoamazonas.gob.ve\/amz\/wp-json\/wp\/v2\/comments?post=555"}],"version-history":[{"count":7,"href":"https:\/\/contraloriaestadoamazonas.gob.ve\/amz\/wp-json\/wp\/v2\/posts\/555\/revisions"}],"predecessor-version":[{"id":1517,"href":"https:\/\/contraloriaestadoamazonas.gob.ve\/amz\/wp-json\/wp\/v2\/posts\/555\/revisions\/1517"}],"wp:attachment":[{"href":"https:\/\/contraloriaestadoamazonas.gob.ve\/amz\/wp-json\/wp\/v2\/media?parent=555"}],"wp:term":[{"taxonomy":"category","embeddable":true,"href":"https:\/\/contraloriaestadoamazonas.gob.ve\/amz\/wp-json\/wp\/v2\/categories?post=555"},{"taxonomy":"post_tag","embeddable":true,"href":"https:\/\/contraloriaestadoamazonas.gob.ve\/amz\/wp-json\/wp\/v2\/tags?post=555"}],"curies":[{"name":"wp","href":"https:\/\/api.w.org\/{rel}","templated":true}]}}