{"id":73,"date":"2011-07-21T10:10:15","date_gmt":"2011-07-21T14:40:15","guid":{"rendered":"http:\/\/www.contraloriaestadoamazonas.gob.ve\/amz\/?p=73"},"modified":"2013-01-08T09:59:41","modified_gmt":"2013-01-08T14:29:41","slug":"entrega-de-certificados-del-taller-%e2%80%9ccontraloria-indigena","status":"publish","type":"post","link":"https:\/\/contraloriaestadoamazonas.gob.ve\/amz\/2011\/07\/entrega-de-certificados-del-taller-%e2%80%9ccontraloria-indigena\/","title":{"rendered":"Entrega de certificados del taller \u201cContralor\u00eda Ind\u00edgena\u00bb"},"content":{"rendered":"<div id=\"attachment_74\" style=\"width: 354px\" class=\"wp-caption alignleft\"><a href=\"http:\/\/www.contraloriaestadoamazonas.gob.ve\/amz\/wp-content\/uploads\/2011\/07\/tallerdci.jpg\"><img loading=\"lazy\" decoding=\"async\" aria-describedby=\"caption-attachment-74\" class=\"size-full wp-image-74  \" title=\"taller de cotraloria indigena\" src=\"http:\/\/www.contraloriaestadoamazonas.gob.ve\/amz\/wp-content\/uploads\/2011\/07\/tallerdci.jpg\" alt=\"\" width=\"344\" height=\"304\" srcset=\"https:\/\/contraloriaestadoamazonas.gob.ve\/amz\/wp-content\/uploads\/2011\/07\/tallerdci.jpg 430w, https:\/\/contraloriaestadoamazonas.gob.ve\/amz\/wp-content\/uploads\/2011\/07\/tallerdci-300x265.jpg 300w\" sizes=\"auto, (max-width: 344px) 100vw, 344px\" \/><\/a><p id=\"caption-attachment-74\" class=\"wp-caption-text\">Nancy Teixeira, Directora General (izq) y Nancys Ortiz Jefa de la Oficina de Atenci\u00f3n al Ciudadano (der)<\/p><\/div>\n<p style=\"text-align: justify;\">La Licenciada Nancy Teixeira, Directora General de la Contralor\u00eda del Estado Amazonas\u00a0en compa\u00f1\u00eda de\u00a0la Licenciada Nancys Ortiz, Jefa de la Oficina de Atenci\u00f3n al Ciudadano, asistieron a la comunidad ind\u00edgena \u00abLas Pavas\u00bb de la etnia u\u00f6tuja, para el acto protocolar de entrega de certificados a los 18 participantes del <strong>Taller de Contralor\u00eda Ind\u00edgena.<\/strong><\/p>\n<p style=\"text-align: justify;\">Dicho taller fu\u00e9 realizado los d\u00edas 07, 08, 09 y 10 de Junio, en la\u00a0Unidad Educativa \u00abLos Libertadores\u00bb\u00a0con una duraci\u00f3n de 10 horas aproximadamente, con el prop\u00f3sito de fomentar la participaci\u00f3n ciudadana y el ejercicio de una contralor\u00eda social protag\u00f3nica con lo habitantes de la comunidad.<\/p>\n<p style=\"text-align: justify;\">Una vez entregados los certificados, la Lic. Teixeira procedi\u00f3 a la Juramentaci\u00f3n del equipo contralor integrado por los ciudadanos: Wilmer Curum\u00ed, Oswaldo Valor, Maeo \u00c1lvarez y Manuel Silva, quienes fueron electos en Asamblea de Ciudadanos como los representantes de la Contralor\u00eda Ind\u00edgena de \u00e9sta comunidad.<\/p>\n<p style=\"text-align: justify;\">Culminado el acto protocolar se llev\u00f3 a cabo un compartir con los participantes y dem\u00e1s habitantes de la comunidad, quienes agradecieron la presencia de la Contralor\u00eda\u00a0del Estado.<\/p>\n<p>&nbsp;<\/p>\n","protected":false},"excerpt":{"rendered":"<p>La Licenciada Nancy Teixeira, Directora General de la Contralor\u00eda del Estado Amazonas\u00a0en compa\u00f1\u00eda de\u00a0la Licenciada Nancys Ortiz, Jefa de la Oficina de Atenci\u00f3n al Ciudadano, asistieron a la comunidad ind\u00edgena \u00abLas Pavas\u00bb de la etnia u\u00f6tuja, para el acto protocolar &hellip; <a class=\"more-link\" href=\"https:\/\/contraloriaestadoamazonas.gob.ve\/amz\/2011\/07\/entrega-de-certificados-del-taller-%e2%80%9ccontraloria-indigena\/\">Sigue leyendo <span class=\"meta-nav\">&rarr;<\/span><\/a><\/p>\n","protected":false},"author":2,"featured_media":74,"comment_status":"closed","ping_status":"closed","sticky":false,"template":"","format":"gallery","meta":{"footnotes":""},"categories":[11],"tags":[],"class_list":["post-73","post","type-post","status-publish","format-gallery","has-post-thumbnail","hentry","category-oac","post_format-post-format-gallery"],"_links":{"self":[{"href":"https:\/\/contraloriaestadoamazonas.gob.ve\/amz\/wp-json\/wp\/v2\/posts\/73","targetHints":{"allow":["GET"]}}],"collection":[{"href":"https:\/\/contraloriaestadoamazonas.gob.ve\/amz\/wp-json\/wp\/v2\/posts"}],"about":[{"href":"https:\/\/contraloriaestadoamazonas.gob.ve\/amz\/wp-json\/wp\/v2\/types\/post"}],"author":[{"embeddable":true,"href":"https:\/\/contraloriaestadoamazonas.gob.ve\/amz\/wp-json\/wp\/v2\/users\/2"}],"replies":[{"embeddable":true,"href":"https:\/\/contraloriaestadoamazonas.gob.ve\/amz\/wp-json\/wp\/v2\/comments?post=73"}],"version-history":[{"count":11,"href":"https:\/\/contraloriaestadoamazonas.gob.ve\/amz\/wp-json\/wp\/v2\/posts\/73\/revisions"}],"predecessor-version":[{"id":1524,"href":"https:\/\/contraloriaestadoamazonas.gob.ve\/amz\/wp-json\/wp\/v2\/posts\/73\/revisions\/1524"}],"wp:featuredmedia":[{"embeddable":true,"href":"https:\/\/contraloriaestadoamazonas.gob.ve\/amz\/wp-json\/wp\/v2\/media\/74"}],"wp:attachment":[{"href":"https:\/\/contraloriaestadoamazonas.gob.ve\/amz\/wp-json\/wp\/v2\/media?parent=73"}],"wp:term":[{"taxonomy":"category","embeddable":true,"href":"https:\/\/contraloriaestadoamazonas.gob.ve\/amz\/wp-json\/wp\/v2\/categories?post=73"},{"taxonomy":"post_tag","embeddable":true,"href":"https:\/\/contraloriaestadoamazonas.gob.ve\/amz\/wp-json\/wp\/v2\/tags?post=73"}],"curies":[{"name":"wp","href":"https:\/\/api.w.org\/{rel}","templated":true}]}}