{"id":759,"date":"2011-12-15T15:51:37","date_gmt":"2011-12-15T20:21:37","guid":{"rendered":"http:\/\/www.contraloriaestadoamazonas.gob.ve\/amz\/?p=759"},"modified":"2013-01-08T09:56:32","modified_gmt":"2013-01-08T14:26:32","slug":"misa-de-aguinaldos","status":"publish","type":"post","link":"https:\/\/contraloriaestadoamazonas.gob.ve\/amz\/2011\/12\/misa-de-aguinaldos\/","title":{"rendered":"Jueves 15 de Diciembre del 2011"},"content":{"rendered":"<p style=\"text-align: justify;\">Este jueves en horas de la ma\u00f1ana se celebro la misa de aguinaldos de este \u00d3rgano Contralor la cual tuvo lugar en la Iglesia Sagrado Coraz\u00f3n de Jes\u00fas.<\/p>\n<p style=\"text-align: justify;\">Reunidos, el Contralor del estado, funcionarios y funcionarias en compa\u00f1\u00eda de familiares y amigos realizaron las ofrendas y elevaron sus plegarias para que este nuevo a\u00f1o traiga salud y prosperidad a cada uno de sus hogares.<\/p>\n<p><img loading=\"lazy\" decoding=\"async\" class=\"size-full wp-image-765 alignleft\" title=\"misa1\" src=\"http:\/\/www.contraloriaestadoamazonas.gob.ve\/amz\/wp-content\/uploads\/2011\/12\/misa2.jpg\" alt=\"\" width=\"320\" height=\"198\" \/><img loading=\"lazy\" decoding=\"async\" class=\"size-full wp-image-765 alignleft\" title=\"misa1\" src=\"http:\/\/www.contraloriaestadoamazonas.gob.ve\/amz\/wp-content\/uploads\/2011\/12\/misa1.jpg\" alt=\"\" width=\"320\" height=\"198\" srcset=\"https:\/\/contraloriaestadoamazonas.gob.ve\/amz\/wp-content\/uploads\/2011\/12\/misa1.jpg 320w, https:\/\/contraloriaestadoamazonas.gob.ve\/amz\/wp-content\/uploads\/2011\/12\/misa1-300x185.jpg 300w\" sizes=\"auto, (max-width: 320px) 100vw, 320px\" \/><\/p>\n","protected":false},"excerpt":{"rendered":"<p>Este jueves en horas de la ma\u00f1ana se celebro la misa de aguinaldos de este \u00d3rgano Contralor la cual tuvo lugar en la Iglesia Sagrado Coraz\u00f3n de Jes\u00fas. Reunidos, el Contralor del estado, funcionarios y funcionarias en compa\u00f1\u00eda de familiares &hellip; <a class=\"more-link\" href=\"https:\/\/contraloriaestadoamazonas.gob.ve\/amz\/2011\/12\/misa-de-aguinaldos\/\">Sigue leyendo <span class=\"meta-nav\">&rarr;<\/span><\/a><\/p>\n","protected":false},"author":2,"featured_media":0,"comment_status":"closed","ping_status":"closed","sticky":false,"template":"","format":"gallery","meta":{"footnotes":""},"categories":[33],"tags":[],"class_list":["post-759","post","type-post","status-publish","format-gallery","hentry","category-noticias","post_format-post-format-gallery"],"_links":{"self":[{"href":"https:\/\/contraloriaestadoamazonas.gob.ve\/amz\/wp-json\/wp\/v2\/posts\/759","targetHints":{"allow":["GET"]}}],"collection":[{"href":"https:\/\/contraloriaestadoamazonas.gob.ve\/amz\/wp-json\/wp\/v2\/posts"}],"about":[{"href":"https:\/\/contraloriaestadoamazonas.gob.ve\/amz\/wp-json\/wp\/v2\/types\/post"}],"author":[{"embeddable":true,"href":"https:\/\/contraloriaestadoamazonas.gob.ve\/amz\/wp-json\/wp\/v2\/users\/2"}],"replies":[{"embeddable":true,"href":"https:\/\/contraloriaestadoamazonas.gob.ve\/amz\/wp-json\/wp\/v2\/comments?post=759"}],"version-history":[{"count":8,"href":"https:\/\/contraloriaestadoamazonas.gob.ve\/amz\/wp-json\/wp\/v2\/posts\/759\/revisions"}],"predecessor-version":[{"id":1515,"href":"https:\/\/contraloriaestadoamazonas.gob.ve\/amz\/wp-json\/wp\/v2\/posts\/759\/revisions\/1515"}],"wp:attachment":[{"href":"https:\/\/contraloriaestadoamazonas.gob.ve\/amz\/wp-json\/wp\/v2\/media?parent=759"}],"wp:term":[{"taxonomy":"category","embeddable":true,"href":"https:\/\/contraloriaestadoamazonas.gob.ve\/amz\/wp-json\/wp\/v2\/categories?post=759"},{"taxonomy":"post_tag","embeddable":true,"href":"https:\/\/contraloriaestadoamazonas.gob.ve\/amz\/wp-json\/wp\/v2\/tags?post=759"}],"curies":[{"name":"wp","href":"https:\/\/api.w.org\/{rel}","templated":true}]}}