{"id":807,"date":"2012-01-27T08:28:16","date_gmt":"2012-01-27T12:58:16","guid":{"rendered":"http:\/\/www.contraloriaestadoamazonas.gob.ve\/amz\/?p=807"},"modified":"2012-01-27T11:04:06","modified_gmt":"2012-01-27T15:34:06","slug":"registro-de-auditores-consultores-y-profesionales-independientes-en-materia-de-control-fiscal","status":"publish","type":"post","link":"https:\/\/contraloriaestadoamazonas.gob.ve\/amz\/2012\/01\/registro-de-auditores-consultores-y-profesionales-independientes-en-materia-de-control-fiscal\/","title":{"rendered":"Registro de Auditores, Consultores y Profesionales Independientes en materia de Control Fiscal"},"content":{"rendered":"<p style=\"text-align: justify;\">A partir del Primero de Enero del a\u00f1o en curso, los Entes y \u00d3rganos de Sector P\u00fablico no podr\u00e1n contratar a firmas de Auditores, Consultores y Profesionales Independientes que no est\u00e9n debidamente registrados y certificados por la Contralor\u00eda General de la Rep\u00fablica.<\/p>\n<p style=\"text-align: justify;\">Dando cumplimiento a estas normas, la Contralor\u00eda del Estado Amazonas, desde el pasado mes de septiembre, funciona como ente receptor de los recaudos para realizar la inscripci\u00f3n respectiva, igualmente brinda asesor\u00edas al respecto; as\u00ed lo manifest\u00f3 la funcionaria abogada Raili Alberti, responsable ante el registro de Auditores, Consultores y Profesionales Independientes en materia de Control Fiscal, en una entrevista realizada por una prestigiosa emisora de la localidad.<\/p>\n<p style=\"text-align: justify;\">Cabe destacar\u00a0 que el Registro es de car\u00e1cter permanente, y\u00a0 a partir del 1 de enero \u00a0\u00a0s\u00f3lo podr\u00e1n contratar a quienes hayan obtenido una calificaci\u00f3n\u00a0 afirmativa, as\u00ed lo establece el Reglamento para el registro, calificaci\u00f3n, selecci\u00f3n y contrataci\u00f3n de auditores, consultores y profesionales independientes en materia de control dictado por la Contralor\u00eda General de la Rep\u00fablica.<\/p>\n<p style=\"text-align: justify;\">De igual manera se informa que el horario de atenci\u00f3n al p\u00fablico y recepci\u00f3n\u00a0 de documentos, funciona en la planta baja del Edificio Sede de la Contralor\u00eda del Estado Amazonas, en horario comprendido de lunes a viernes de 7:45am a 11:45am;\u00a0 y de 1:15pm a 3:15pm.<\/p>\n\n\t\t<style type=\"text\/css\">\n\t\t\t#gallery-1 {\n\t\t\t\tmargin: auto;\n\t\t\t}\n\t\t\t#gallery-1 .gallery-item {\n\t\t\t\tfloat: left;\n\t\t\t\tmargin-top: 10px;\n\t\t\t\ttext-align: center;\n\t\t\t\twidth: 50%;\n\t\t\t}\n\t\t\t#gallery-1 img {\n\t\t\t\tborder: 2px solid #cfcfcf;\n\t\t\t}\n\t\t\t#gallery-1 .gallery-caption {\n\t\t\t\tmargin-left: 0;\n\t\t\t}\n\t\t\t\/* see gallery_shortcode() in wp-includes\/media.php *\/\n\t\t<\/style>\n\t\t<div id='gallery-1' class='gallery galleryid-807 gallery-columns-2 gallery-size-thumbnail'><dl class='gallery-item'>\n\t\t\t<dt class='gallery-icon landscape'>\n\t\t\t\t<a href='https:\/\/contraloriaestadoamazonas.gob.ve\/amz\/wp-content\/uploads\/2012\/01\/DSC02342-Medium.jpg'><img loading=\"lazy\" decoding=\"async\" width=\"150\" height=\"150\" src=\"https:\/\/contraloriaestadoamazonas.gob.ve\/amz\/wp-content\/uploads\/2012\/01\/DSC02342-Medium-150x150.jpg\" class=\"attachment-thumbnail size-thumbnail\" alt=\"\" \/><\/a>\n\t\t\t<\/dt><\/dl><dl class='gallery-item'>\n\t\t\t<dt class='gallery-icon landscape'>\n\t\t\t\t<a href='https:\/\/contraloriaestadoamazonas.gob.ve\/amz\/wp-content\/uploads\/2012\/01\/DSC02336-Medium.jpg'><img loading=\"lazy\" decoding=\"async\" width=\"150\" height=\"150\" src=\"https:\/\/contraloriaestadoamazonas.gob.ve\/amz\/wp-content\/uploads\/2012\/01\/DSC02336-Medium-150x150.jpg\" class=\"attachment-thumbnail size-thumbnail\" alt=\"\" \/><\/a>\n\t\t\t<\/dt><\/dl><br style=\"clear: both\" \/><dl class='gallery-item'>\n\t\t\t<dt class='gallery-icon landscape'>\n\t\t\t\t<a href='https:\/\/contraloriaestadoamazonas.gob.ve\/amz\/wp-content\/uploads\/2012\/01\/DSC02338-Medium.jpg'><img loading=\"lazy\" decoding=\"async\" width=\"150\" height=\"150\" src=\"https:\/\/contraloriaestadoamazonas.gob.ve\/amz\/wp-content\/uploads\/2012\/01\/DSC02338-Medium-150x150.jpg\" class=\"attachment-thumbnail size-thumbnail\" alt=\"Entrevista Funcionaria Raili Alberti\" \/><\/a>\n\t\t\t<\/dt><\/dl><dl class='gallery-item'>\n\t\t\t<dt class='gallery-icon landscape'>\n\t\t\t\t<a href='https:\/\/contraloriaestadoamazonas.gob.ve\/amz\/wp-content\/uploads\/2012\/01\/DSC02339-Medium.jpg'><img loading=\"lazy\" decoding=\"async\" width=\"150\" height=\"150\" src=\"https:\/\/contraloriaestadoamazonas.gob.ve\/amz\/wp-content\/uploads\/2012\/01\/DSC02339-Medium-150x150.jpg\" class=\"attachment-thumbnail size-thumbnail\" alt=\"\" \/><\/a>\n\t\t\t<\/dt><\/dl><br style=\"clear: both\" \/>\n\t\t<\/div>\n\n","protected":false},"excerpt":{"rendered":"<p>A partir del Primero de Enero del a\u00f1o en curso, los Entes y \u00d3rganos de Sector P\u00fablico no podr\u00e1n contratar a firmas de Auditores, Consultores y Profesionales Independientes que no est\u00e9n debidamente registrados y certificados por la Contralor\u00eda General de &hellip; <a class=\"more-link\" href=\"https:\/\/contraloriaestadoamazonas.gob.ve\/amz\/2012\/01\/registro-de-auditores-consultores-y-profesionales-independientes-en-materia-de-control-fiscal\/\">Sigue leyendo <span class=\"meta-nav\">&rarr;<\/span><\/a><\/p>\n","protected":false},"author":2,"featured_media":808,"comment_status":"closed","ping_status":"closed","sticky":false,"template":"","format":"gallery","meta":{"footnotes":""},"categories":[33],"tags":[],"class_list":["post-807","post","type-post","status-publish","format-gallery","has-post-thumbnail","hentry","category-noticias","post_format-post-format-gallery"],"_links":{"self":[{"href":"https:\/\/contraloriaestadoamazonas.gob.ve\/amz\/wp-json\/wp\/v2\/posts\/807","targetHints":{"allow":["GET"]}}],"collection":[{"href":"https:\/\/contraloriaestadoamazonas.gob.ve\/amz\/wp-json\/wp\/v2\/posts"}],"about":[{"href":"https:\/\/contraloriaestadoamazonas.gob.ve\/amz\/wp-json\/wp\/v2\/types\/post"}],"author":[{"embeddable":true,"href":"https:\/\/contraloriaestadoamazonas.gob.ve\/amz\/wp-json\/wp\/v2\/users\/2"}],"replies":[{"embeddable":true,"href":"https:\/\/contraloriaestadoamazonas.gob.ve\/amz\/wp-json\/wp\/v2\/comments?post=807"}],"version-history":[{"count":8,"href":"https:\/\/contraloriaestadoamazonas.gob.ve\/amz\/wp-json\/wp\/v2\/posts\/807\/revisions"}],"predecessor-version":[{"id":818,"href":"https:\/\/contraloriaestadoamazonas.gob.ve\/amz\/wp-json\/wp\/v2\/posts\/807\/revisions\/818"}],"wp:featuredmedia":[{"embeddable":true,"href":"https:\/\/contraloriaestadoamazonas.gob.ve\/amz\/wp-json\/wp\/v2\/media\/808"}],"wp:attachment":[{"href":"https:\/\/contraloriaestadoamazonas.gob.ve\/amz\/wp-json\/wp\/v2\/media?parent=807"}],"wp:term":[{"taxonomy":"category","embeddable":true,"href":"https:\/\/contraloriaestadoamazonas.gob.ve\/amz\/wp-json\/wp\/v2\/categories?post=807"},{"taxonomy":"post_tag","embeddable":true,"href":"https:\/\/contraloriaestadoamazonas.gob.ve\/amz\/wp-json\/wp\/v2\/tags?post=807"}],"curies":[{"name":"wp","href":"https:\/\/api.w.org\/{rel}","templated":true}]}}