{"id":821,"date":"2012-02-06T10:15:29","date_gmt":"2012-02-06T14:45:29","guid":{"rendered":"http:\/\/www.contraloriaestadoamazonas.gob.ve\/amz\/?p=821"},"modified":"2012-02-13T10:52:11","modified_gmt":"2012-02-13T15:22:11","slug":"la-contraloria-del-estado-amazonas-organiza-i-reto-al-conocimiento-escolar-en-el-estado","status":"publish","type":"post","link":"https:\/\/contraloriaestadoamazonas.gob.ve\/amz\/2012\/02\/la-contraloria-del-estado-amazonas-organiza-i-reto-al-conocimiento-escolar-en-el-estado\/","title":{"rendered":"La Contralor\u00eda del Estado Amazonas  Organiza I Reto al Conocimiento Escolar en el Estado"},"content":{"rendered":"<p style=\"text-align: justify;\">Con el objetivo de fortalecer los <a href=\"http:\/\/www.contraloriaestadoamazonas.gob.ve\/amz\/wp-content\/uploads\/2012\/02\/Tortuga-Reto-al-Conocimiento.jpg\"><img loading=\"lazy\" decoding=\"async\" class=\"alignleft size-medium wp-image-907\" title=\"Tortuga Reto al Conocimiento\" src=\"http:\/\/www.contraloriaestadoamazonas.gob.ve\/amz\/wp-content\/uploads\/2012\/02\/Tortuga-Reto-al-Conocimiento-240x300.jpg\" alt=\"\" width=\"131\" height=\"163\" srcset=\"https:\/\/contraloriaestadoamazonas.gob.ve\/amz\/wp-content\/uploads\/2012\/02\/Tortuga-Reto-al-Conocimiento-240x300.jpg 240w, https:\/\/contraloriaestadoamazonas.gob.ve\/amz\/wp-content\/uploads\/2012\/02\/Tortuga-Reto-al-Conocimiento.jpg 320w\" sizes=\"auto, (max-width: 131px) 100vw, 131px\" \/><\/a>conocimientos de las tem\u00e1ticas desarrolladas durante la ejecuci\u00f3n de los talleres de\u00a0 Contralor\u00eda Escolar, en las diferentes Instituciones Educativas atendidas por este \u00d3rgano de Control en el Estado, y debido a la imperiosa necesidad de formar y capacitar desde temprana edad, en una cultura de control social a toda la ciudadan\u00eda de nuestro pa\u00eds, este Ente Contralor a trav\u00e9s de la Oficina de Atenci\u00f3n al Ciudadano, organiza el primer Reto al conocimiento \u201cDr. Clodosbaldo Russian Uzcategui\u201d, actividad enmarcada en el XIX aniversario de la Creaci\u00f3n de la Contralor\u00eda del Estado Amazonas.<\/p>\n<p style=\"text-align: justify;\">La actividad esta pautada para el d\u00eda 23 de marzo, a realizarse en el Centro Cultural Amazonas, donde participaran alumnos de 4to, 5to y 6to grado, de las escuelas: Juan Ivirma Castillo, Sim\u00f3n Rodr\u00edguez, Sim\u00f3n Bol\u00edvar, Cecilio Acosta, Monse\u00f1or Enrique Ferrari y Menca de Leoni.<\/p>\n<p style=\"text-align: justify;\">Las sesiones informativas y el estudio del cuestionario se iniciar\u00e1n este lunes 6 de febrero en las diferentes escuelas,\u00a0 les deseamos \u00e9xito a todos los participantes.<\/p>\n","protected":false},"excerpt":{"rendered":"<p>Con el objetivo de fortalecer los conocimientos de las tem\u00e1ticas desarrolladas durante la ejecuci\u00f3n de los talleres de\u00a0 Contralor\u00eda Escolar, en las diferentes Instituciones Educativas atendidas por este \u00d3rgano de Control en el Estado, y debido a la imperiosa necesidad &hellip; <a class=\"more-link\" href=\"https:\/\/contraloriaestadoamazonas.gob.ve\/amz\/2012\/02\/la-contraloria-del-estado-amazonas-organiza-i-reto-al-conocimiento-escolar-en-el-estado\/\">Sigue leyendo <span class=\"meta-nav\">&rarr;<\/span><\/a><\/p>\n","protected":false},"author":2,"featured_media":0,"comment_status":"closed","ping_status":"closed","sticky":false,"template":"","format":"gallery","meta":{"footnotes":""},"categories":[11,35],"tags":[],"class_list":["post-821","post","type-post","status-publish","format-gallery","hentry","category-oac","category-cultura-y-deportes","post_format-post-format-gallery"],"_links":{"self":[{"href":"https:\/\/contraloriaestadoamazonas.gob.ve\/amz\/wp-json\/wp\/v2\/posts\/821","targetHints":{"allow":["GET"]}}],"collection":[{"href":"https:\/\/contraloriaestadoamazonas.gob.ve\/amz\/wp-json\/wp\/v2\/posts"}],"about":[{"href":"https:\/\/contraloriaestadoamazonas.gob.ve\/amz\/wp-json\/wp\/v2\/types\/post"}],"author":[{"embeddable":true,"href":"https:\/\/contraloriaestadoamazonas.gob.ve\/amz\/wp-json\/wp\/v2\/users\/2"}],"replies":[{"embeddable":true,"href":"https:\/\/contraloriaestadoamazonas.gob.ve\/amz\/wp-json\/wp\/v2\/comments?post=821"}],"version-history":[{"count":6,"href":"https:\/\/contraloriaestadoamazonas.gob.ve\/amz\/wp-json\/wp\/v2\/posts\/821\/revisions"}],"predecessor-version":[{"id":826,"href":"https:\/\/contraloriaestadoamazonas.gob.ve\/amz\/wp-json\/wp\/v2\/posts\/821\/revisions\/826"}],"wp:attachment":[{"href":"https:\/\/contraloriaestadoamazonas.gob.ve\/amz\/wp-json\/wp\/v2\/media?parent=821"}],"wp:term":[{"taxonomy":"category","embeddable":true,"href":"https:\/\/contraloriaestadoamazonas.gob.ve\/amz\/wp-json\/wp\/v2\/categories?post=821"},{"taxonomy":"post_tag","embeddable":true,"href":"https:\/\/contraloriaestadoamazonas.gob.ve\/amz\/wp-json\/wp\/v2\/tags?post=821"}],"curies":[{"name":"wp","href":"https:\/\/api.w.org\/{rel}","templated":true}]}}