{"id":868,"date":"2012-03-16T06:00:48","date_gmt":"2012-03-16T10:30:48","guid":{"rendered":"http:\/\/www.contraloriaestadoamazonas.gob.ve\/amz\/?p=868"},"modified":"2013-01-08T09:54:35","modified_gmt":"2013-01-08T14:24:35","slug":"felicidades-en-su-46-aniversario","status":"publish","type":"post","link":"https:\/\/contraloriaestadoamazonas.gob.ve\/amz\/2012\/03\/felicidades-en-su-46-aniversario\/","title":{"rendered":"Felicidades en su 46 Aniversario"},"content":{"rendered":"<h3 style=\"text-align: justify;\">\u00a0 El Contralor del estado Amazonas y todo su equipo que laboran en \u00e9ste \u00d3rgano de Control, extienden las m\u00e1s sinceras FELICITACIONES a todos los funcionarios que forman parte de la Contralor\u00eda del estado Falc\u00f3n por arribar a sus \u00a0\u00a046 a\u00f1os\u00a0 de haberse creado y por su entera\u00a0 dedicaci\u00f3n a el excelso ejercicio Control Fiscal en esa entidad y de alcanzar los mejores logros de su Instituci\u00f3n, en tan delicada tarea que los pone a prueba en el d\u00eda a d\u00eda; labor esta que demanda esfuerzo, empe\u00f1o, constancia y firmeza para as\u00ed cosechar los frutos que hoy recogen merecidamente por tan ardua labor, en procura de velar por que la ejecuci\u00f3n de los recursos p\u00fablicos sean de la manera mas transparente posible\u2026<\/h3>\n<h3 style=\"text-align: justify;\">Mil felicidades\u2026<\/h3>\n<p style=\"text-align: center;\">\n<p style=\"text-align: center;\">\n<h3 style=\"text-align: center;\"><strong>HUMBERTO G\u00d3MEZ FAR\u00cdAS<\/strong><\/h3>\n<h3 style=\"text-align: center;\">Contralor (P) del estado Amazonas<\/h3>\n","protected":false},"excerpt":{"rendered":"<p>\u00a0 El Contralor del estado Amazonas y todo su equipo que laboran en \u00e9ste \u00d3rgano de Control, extienden las m\u00e1s sinceras FELICITACIONES a todos los funcionarios que forman parte de la Contralor\u00eda del estado Falc\u00f3n por arribar a sus \u00a0\u00a046 &hellip; <a class=\"more-link\" href=\"https:\/\/contraloriaestadoamazonas.gob.ve\/amz\/2012\/03\/felicidades-en-su-46-aniversario\/\">Sigue leyendo <span class=\"meta-nav\">&rarr;<\/span><\/a><\/p>\n","protected":false},"author":2,"featured_media":0,"comment_status":"closed","ping_status":"closed","sticky":false,"template":"","format":"gallery","meta":{"footnotes":""},"categories":[33],"tags":[],"class_list":["post-868","post","type-post","status-publish","format-gallery","hentry","category-noticias","post_format-post-format-gallery"],"_links":{"self":[{"href":"https:\/\/contraloriaestadoamazonas.gob.ve\/amz\/wp-json\/wp\/v2\/posts\/868","targetHints":{"allow":["GET"]}}],"collection":[{"href":"https:\/\/contraloriaestadoamazonas.gob.ve\/amz\/wp-json\/wp\/v2\/posts"}],"about":[{"href":"https:\/\/contraloriaestadoamazonas.gob.ve\/amz\/wp-json\/wp\/v2\/types\/post"}],"author":[{"embeddable":true,"href":"https:\/\/contraloriaestadoamazonas.gob.ve\/amz\/wp-json\/wp\/v2\/users\/2"}],"replies":[{"embeddable":true,"href":"https:\/\/contraloriaestadoamazonas.gob.ve\/amz\/wp-json\/wp\/v2\/comments?post=868"}],"version-history":[{"count":7,"href":"https:\/\/contraloriaestadoamazonas.gob.ve\/amz\/wp-json\/wp\/v2\/posts\/868\/revisions"}],"predecessor-version":[{"id":1510,"href":"https:\/\/contraloriaestadoamazonas.gob.ve\/amz\/wp-json\/wp\/v2\/posts\/868\/revisions\/1510"}],"wp:attachment":[{"href":"https:\/\/contraloriaestadoamazonas.gob.ve\/amz\/wp-json\/wp\/v2\/media?parent=868"}],"wp:term":[{"taxonomy":"category","embeddable":true,"href":"https:\/\/contraloriaestadoamazonas.gob.ve\/amz\/wp-json\/wp\/v2\/categories?post=868"},{"taxonomy":"post_tag","embeddable":true,"href":"https:\/\/contraloriaestadoamazonas.gob.ve\/amz\/wp-json\/wp\/v2\/tags?post=868"}],"curies":[{"name":"wp","href":"https:\/\/api.w.org\/{rel}","templated":true}]}}